{"id":10948,"date":"2021-08-30T09:11:00","date_gmt":"2021-08-30T07:11:00","guid":{"rendered":"https:\/\/velartrip.com\/?p=10948"},"modified":"2025-08-01T13:46:51","modified_gmt":"2025-08-01T11:46:51","slug":"combien-de-temps-faut-il-pour-localiser-un-bagage-perdu","status":"publish","type":"post","link":"https:\/\/velartrip.com\/en\/combien-de-temps-faut-il-pour-localiser-un-bagage-perdu\/","title":{"rendered":"How long does it take to locate lost luggage?"},"content":{"rendered":"<style>.kb-table-of-content-nav.kb-table-of-content-id10948_9f43db-6d .kb-table-of-content-wrap{padding-top:var(--global-kb-spacing-sm, 1.5rem);padding-right:var(--global-kb-spacing-sm, 1.5rem);padding-bottom:var(--global-kb-spacing-sm, 1.5rem);padding-left:var(--global-kb-spacing-sm, 1.5rem);}.kb-table-of-content-nav.kb-table-of-content-id10948_9f43db-6d .kb-table-of-contents-title-wrap{padding-top:0px;padding-right:0px;padding-bottom:0px;padding-left:0px;}.kb-table-of-content-nav.kb-table-of-content-id10948_9f43db-6d .kb-table-of-contents-title{font-weight:regular;font-style:normal;}.kb-table-of-content-nav.kb-table-of-content-id10948_9f43db-6d .kb-table-of-content-wrap .kb-table-of-content-list{color:#2118ff;font-weight:regular;font-style:normal;margin-top:var(--global-kb-spacing-sm, 1.5rem);margin-right:0px;margin-bottom:0px;margin-left:0px;}<\/style>\n\n\n<p class=\"has-medium-font-size\">M\u00eame si les chances que vos bagages soient perdus ou retard\u00e9s sont inf\u00e9rieures \u00e0 un pour cent, cela arrive \u00e0 des gens tous les jours. Cela pourrait certainement vous arriver.<\/p>\n\n\n\n<p class=\"has-medium-font-size\">Il y a deux ans, la valise de Thomas a \u00e9t\u00e9 retard\u00e9e lors d&rsquo;un voyage de 2 semaines en Tha\u00eflande. Heureusement, cela s&rsquo;est produit sur le chemin du retour. Finalement, sa valise a \u00e9t\u00e9 rendue en trois jours, avec tout ce qu&rsquo;elle contenait. M\u00eame si il a eu de la chance, le fait de perdre ses affaires et de les retrouver est toujours tr\u00e8s frustrant.<\/p>\n\n\n\n<p class=\"has-medium-font-size\">\u00c0 l&rsquo;\u00e9poque, nous n&rsquo;avions pas trouv\u00e9 de bon guide sur les bagages perdus, alors nous avons d\u00e9cid\u00e9 de faire des recherches nous-m\u00eame. <\/p>\n\n\n\n<p class=\"has-medium-font-size\">Des questions telles que : combien de temps faut-il pour r\u00e9cup\u00e9rer un bagage perdu ? Comment \u00eates-vous rembours\u00e9 si vous ne pouvez pas le faire ? Et bien d&rsquo;autres choses encore. <\/p>\n\n\n\n<p class=\"has-medium-font-size\">Vous trouverez ci-dessous un guide complet de ce que nous avons compil\u00e9 \ud83d\ude09<\/p>\n\n\n\n<h2 class=\"wp-block-heading\">Combien de temps faut-il pour retrouver un bagage perdu ?<\/h2>\n\n\n\n<p class=\"has-medium-font-size\">Selon une \u00e9tude r\u00e9alis\u00e9e par l&rsquo;Association des compagnies a\u00e9riennes europ\u00e9ennes, environ <strong>85 % des bagages perdus sont retrouv\u00e9s et livr\u00e9s dans les deux jours<\/strong>. Toutefois, ce chiffre a diminu\u00e9 au fil des ans. <\/p>\n\n\n\n<p class=\"has-medium-font-size\">Aujourd\u2019hui, il est plus <strong>proche de 36 heures<\/strong>. Il est donc fort probable que vous receviez votre bagage dans un jour ou deux.<\/p>\n\n\n\n<p class=\"has-medium-font-size\">Dans <strong>47 % des cas, la perte des bagages est due \u00e0 une mauvaise<\/strong> <strong>manipulation<\/strong>. Parfois, lorsque vous prenez un avion avec des correspondances et que la dur\u00e9e de l&rsquo;escale est de 90 minutes ou moins, vous arrivez \u00e0 l&rsquo;heure, mais pas votre bagage. Si vous faites rapidement votre demande et que la valise est retrouv\u00e9e imm\u00e9diatement, vous pouvez recevoir votre dossier en quelques heures seulement.<\/p>\n\n\n\n<p class=\"has-medium-font-size\">Dans d&rsquo;autres cas, la valise est retrouv\u00e9e apr\u00e8s quelques jours, voire quelques semaines. Il existe de nombreuses raisons potentielles pour lesquelles le temps d&rsquo;attente est si long. Par exemple, les \u00e9tiquettes peuvent s&rsquo;\u00eatre d\u00e9coll\u00e9es, les bagages peuvent avoir \u00e9t\u00e9 envoy\u00e9s dans le mauvais pays, ou m\u00eame avoir \u00e9t\u00e9 vol\u00e9s par quelqu&rsquo;un \u00e0 l&rsquo;a\u00e9roport.<\/p>\n\n\n\n<p class=\"has-medium-font-size\">Mais ne vous inqui\u00e9tez pas. Seuls 7 % du total des r\u00e9clamations pour perte de bagages aboutissent \u00e0 la perte totale du bagage. Si c&rsquo;est le cas, la <strong>valise n&rsquo;est consid\u00e9r\u00e9e comme perdue qu&rsquo;apr\u00e8s 14 ou 21 jours<\/strong>, selon votre compagnie a\u00e9rienne.<\/p>\n\n\n\n<h2 class=\"wp-block-heading\">Que faire si votre bagage est perdu ?<\/h2>\n\n\n\n<p class=\"has-medium-font-size\">Pour augmenter vos chances de retrouver votre valise, voici ce que vous devez faire :<\/p>\n\n\n\n<p class=\"has-medium-font-size\">Si vous ne trouvez pas vos bagages sur le tapis roulant \u00e0 votre arriv\u00e9e, rendez-vous imm\u00e9diatement au bureau des bagages ou au comptoir de r\u00e9clamation des bagages. Il devrait se trouver quelque part pr\u00e8s de la salle des bagages, il suffit de demander au personnel \u00e0 proximit\u00e9. <\/p>\n\n\n\n<p class=\"has-medium-font-size\">Assurez-vous de le faire avant de quitter la salle des bagages.<\/p>\n\n\n\n<p class=\"has-medium-font-size\">Lorsque vous \u00eates au comptoir, essayez d&rsquo;\u00eatre compr\u00e9hensif. Le personnel est confront\u00e9 \u00e0 ce genre de situation tout le temps et le fait d&rsquo;\u00eatre irritant ne fera qu&#8217;empirer les choses.<\/p>\n\n\n\n<p class=\"has-medium-font-size\">Remplissez la d\u00e9claration de perte de bagage, en d\u00e9crivant le contenu du bagage perdu et toutes ses caract\u00e9ristiques.<\/p>\n\n\n\n<p class=\"has-medium-font-size\">Essayez de <strong>d\u00e9crire votre cas le mieux possible<\/strong>, car cela augmente consid\u00e9rablement les chances de retrouver votre bagage. Si les \u00e9tiquettes de voyage ont \u00e9t\u00e9 arrach\u00e9es, le seul moyen d&rsquo;identifier votre valise est d&rsquo;en conna\u00eetre les caract\u00e9ristiques et le contenu. Heureusement, de nos jours, les syst\u00e8mes des a\u00e9roports sont assez avanc\u00e9s. Tous les bagages trouv\u00e9s sont imm\u00e9diatement plac\u00e9s dans une base de donn\u00e9es. Leur logiciel effectue ensuite un tri dans la base de donn\u00e9es et localise votre valise en fonction de sa description.<\/p>\n\n\n\n<p class=\"has-medium-font-size\">Il est fort probable que vous receviez des instructions sur la mani\u00e8re de v\u00e9rifier le statut de votre bagage en ligne. Assurez-vous d&rsquo;obtenir le num\u00e9ro du service responsable, afin de pouvoir contacter quelqu&rsquo;un plus tard s&rsquo;il n&rsquo;y a pas de nouvelles.<\/p>\n\n\n\n<h2 class=\"wp-block-heading\">Que faire si vos bagages sont retard\u00e9s ?<\/h2>\n\n\n\n<p class=\"has-medium-font-size\">Dans cette situation, la premi\u00e8re \u00e9tape consiste \u00e0 obtenir une confirmation. Comme dans le cas d&rsquo;un bagage perdu, nous vous recommandons de vous <strong>renseigner au bureau des bagages\/de la r\u00e9clamation<\/strong> des bagages ou, si vous ne trouvez pas, de vous rendre au bureau d&rsquo;assistance le plus proche pour obtenir une aide suppl\u00e9mentaire. Vous devriez pouvoir r\u00e9cup\u00e9rer un rapport d&rsquo;irr\u00e9gularit\u00e9 de propri\u00e9t\u00e9 (PIR) confirmant le retard des bagages. Ne l&rsquo;oubliez pas ! <\/p>\n\n\n\n<p class=\"has-medium-font-size\">Un PIR peut s&rsquo;av\u00e9rer essentiel si vous souhaitez demander une indemnisation.<\/p>\n\n\n\n<p class=\"has-medium-font-size\">Dans certains cas, les voyageurs confient ces situations \u00e0 un tour-op\u00e9rateur ou \u00e0 un agent de voyage. Faites ce qui convient le mieux \u00e0 votre situation.<\/p>\n\n\n\n<p class=\"has-medium-font-size\">Vos bagages finiront par vous \u00eatre rendus. Si votre demande d&rsquo;indemnisation aboutit, vous voudrez disposer d&rsquo;un rapport officiel sur la <strong>dur\u00e9e du retard, car il servira \u00e0 d\u00e9terminer le montant de l&rsquo;indemnisation<\/strong>. Assurez-vous d&rsquo;obtenir un deuxi\u00e8me rapport contenant ces d\u00e9tails.<\/p>\n\n\n\n<p class=\"has-medium-font-size\">Lors du premier rapport, veillez \u00e0 demander au personnel \u00e0 quelle indemnisation vous avez droit. De nombreuses compagnies a\u00e9riennes proposent des \u00ab\u00a0kits de nuit\u00a0\u00bb contenant des articles tels que des brosses \u00e0 dents, des serviettes, etc. Dans certains cas, elles vous d\u00e9dommagent simplement pour tout ce que vous avez d\u00fb acheter, alors <strong>n&rsquo;oubliez pas de conserver vos re\u00e7us<\/strong> !<\/p>\n\n\n\n<h2 class=\"wp-block-heading\">Que faire si vos bagages sont endommag\u00e9s ?<\/h2>\n\n\n\n<figure class=\"wp-block-image size-full\"><img loading=\"lazy\" decoding=\"async\" width=\"1000\" height=\"500\" src=\"https:\/\/velartrip.com\/wp-content\/uploads\/2022\/08\/11.jpg\" alt=\"bagages endommag\u00e9s\" class=\"wp-image-14087\" srcset=\"https:\/\/velartrip.com\/wp-content\/uploads\/2022\/08\/11.jpg 1000w, https:\/\/velartrip.com\/wp-content\/uploads\/2022\/08\/11-800x400.jpg 800w, https:\/\/velartrip.com\/wp-content\/uploads\/2022\/08\/11-768x384.jpg 768w, https:\/\/velartrip.com\/wp-content\/uploads\/2022\/08\/11-500x250.jpg 500w\" sizes=\"auto, (max-width: 1000px) 100vw, 1000px\" \/><\/figure>\n\n\n\n<p class=\"has-medium-font-size\">Vous avez peut-\u00eatre r\u00e9cup\u00e9r\u00e9 vos bagages \u00e0 l&rsquo;arriv\u00e9e, mais vous avez remarqu\u00e9 des \u00e9raflures ou des d\u00e9chirures qui n&rsquo;\u00e9taient pas pr\u00e9sentes auparavant. Le cadre, les roues ou les poign\u00e9es sont peut-\u00eatre endommag\u00e9s. Quelle est votre prochaine \u00e9tape ?<\/p>\n\n\n\n<p class=\"has-medium-font-size\">Tout d&rsquo;abord, vous devez prendre note des dommages subis avant de prendre des mesures. De nombreuses compagnies a\u00e9riennes ne couvrent pas ce que l&rsquo;on pourrait consid\u00e9rer comme une \u00ab\u00a0usure normale\u00a0\u00bb. Dans la plupart des cas, les effets esth\u00e9tiques tels que les marques et les taches, les coins \u00e9rafl\u00e9s et les bosses sur le ch\u00e2ssis ou les roues ne constituent pas une raison valable pour d\u00e9poser une r\u00e9clamation. Et ce, ind\u00e9pendamment du fait que votre bagage soit neuf ou cher.<\/p>\n\n\n\n<p class=\"has-medium-font-size\">Pour les dommages importants (tout ce qui rend votre bagage impropre au voyage), chaque compagnie a\u00e9rienne est tenue de r\u00e9parer, remplacer ou rembourser votre bagage. <strong>D\u00e9posez une r\u00e9clamation au bureau des bagages<\/strong>, et le personnel prendra les choses en main.<\/p>\n\n\n\n<p class=\"has-medium-font-size\">N&rsquo;oubliez pas que cela ne s&rsquo;applique qu&rsquo;\u00e0 votre valise ! Les <strong>a\u00e9roports<\/strong> ne sont actuellement <strong>pas responsables<\/strong> des <strong>articles cass\u00e9s ou endommag\u00e9s <\/strong>qui se trouvent \u00e0 l&rsquo;<strong>int\u00e9rieur<\/strong>. Donc, si vous ramenez quelques souvenirs fragiles, assurez-vous qu&rsquo;ils sont emball\u00e9s avec soin. Ou mieux encore, gardez-les plut\u00f4t dans votre bagage \u00e0 main.<\/p>\n\n\n\n<h2 class=\"wp-block-heading\">Que faire en cas de vol de vos bagages ?<\/h2>\n\n\n\n<p class=\"has-medium-font-size\">Le vol de bagages \u00e0 l&rsquo;a\u00e9roport est un \u00e9v\u00e9nement extr\u00eamement rare, mais il se produit. Si vous pensez que votre bagage a \u00e9t\u00e9 vol\u00e9, prenez d&rsquo;abord une grande respiration. Rappelez-vous que l&rsquo;explication la plus simple est g\u00e9n\u00e9ralement la bonne. Il est beaucoup plus probable que votre bagage ait \u00e9t\u00e9 retard\u00e9 ou \u00e9gar\u00e9. <\/p>\n\n\n\n<p class=\"has-medium-font-size\">Les compagnies a\u00e9riennes ont tendance \u00e0 disposer d&rsquo;une technologie efficace et rationalis\u00e9e pour suivre tous les bagages des passagers, elles seront donc en mesure de vous le confirmer.<\/p>\n\n\n\n<p class=\"has-medium-font-size\">Dans les deux cas, rassemblez autant de d\u00e9tails que possible. La compagnie a\u00e9rienne voudra conna\u00eetre le num\u00e9ro de votre vol et de votre bagage, les heures de d\u00e9part et d&rsquo;arriv\u00e9e (ainsi que les \u00e9ventuelles escales) et des d\u00e9tails sp\u00e9cifiques sur le bagage perdu ou vol\u00e9.<\/p>\n\n\n\n<p class=\"has-medium-font-size\">Si vos bagages ont \u00e9t\u00e9 vol\u00e9s, vous devez <strong>contacter la compagnie a\u00e9rienne et les autorit\u00e9s locales<\/strong> les plus proches. S&rsquo;il n&rsquo;est pas certain que la police retrouvera le coupable ou vos biens, certaines compagnies a\u00e9riennes ne prendront votre demande au s\u00e9rieux que si vous avez d\u00e9pos\u00e9 une plainte aupr\u00e8s de la police.<\/p>\n\n\n\n<p class=\"has-medium-font-size\">Une fois que vous avez d\u00e9pos\u00e9 votre plainte, les \u00e9tapes suivantes et les montants d&rsquo;indemnisation varient d&rsquo;une compagnie a\u00e9rienne \u00e0 l&rsquo;autre. Malheureusement, de nombreuses compagnies a\u00e9riennes exigent des re\u00e7us d&rsquo;achat comme preuve de la perte d&rsquo;un objet, alors soyez pr\u00eat \u00e0 suivre vos traces \u00e9crites si vous voulez \u00eatre pleinement indemnis\u00e9.<\/p>\n\n\n\n<h2 class=\"wp-block-heading\">Comment se faire rembourser un bagage perdu ?<\/h2>\n\n\n\n<figure class=\"wp-block-image size-full\"><img loading=\"lazy\" decoding=\"async\" width=\"1000\" height=\"500\" src=\"https:\/\/velartrip.com\/wp-content\/uploads\/2022\/08\/12.jpg\" alt=\"reclamation bagage\" class=\"wp-image-14086\" srcset=\"https:\/\/velartrip.com\/wp-content\/uploads\/2022\/08\/12.jpg 1000w, https:\/\/velartrip.com\/wp-content\/uploads\/2022\/08\/12-800x400.jpg 800w, https:\/\/velartrip.com\/wp-content\/uploads\/2022\/08\/12-768x384.jpg 768w, https:\/\/velartrip.com\/wp-content\/uploads\/2022\/08\/12-500x250.jpg 500w\" sizes=\"auto, (max-width: 1000px) 100vw, 1000px\" \/><\/figure>\n\n\n\n<p class=\"has-medium-font-size\">Nous n&rsquo;avons pas les chiffres pour la France, mais aux \u00c9tats-Unis, 87 % des voyageurs ne d\u00e9posent pas de plainte lorsque leurs bagages sont perdus, endommag\u00e9s ou vol\u00e9s. N&rsquo;oubliez pas que si l&rsquo;une de ces situations vous est arriv\u00e9e, vous avez le droit l\u00e9gal d&rsquo;obtenir le remboursement des dommages potentiels.<\/p>\n\n\n\n<p class=\"has-medium-font-size\">Tout d&rsquo;abord, si vous n&rsquo;avez pas re\u00e7u vos bagages, ne quittez pas l&rsquo;a\u00e9roport avant d&rsquo;avoir contact\u00e9 le personnel de l&rsquo;a\u00e9roport et d&rsquo;avoir d\u00e9pos\u00e9 une plainte. Veillez \u00e0 remplir votre PIR dans son int\u00e9gralit\u00e9, en indiquant soigneusement tout le contenu de votre sac. Lorsque vous avez termin\u00e9, assurez-vous d&rsquo;en obtenir une copie ainsi que le num\u00e9ro d&rsquo;\u00e9tiquette de votre bagage. Apr\u00e8s avoir d\u00e9pos\u00e9 la r\u00e9clamation, demandez un kit de nuit.<\/p>\n\n\n\n<p class=\"has-medium-font-size\">Ensuite, demandez si la <strong>compagnie a\u00e9rienne offre des remboursements pour les co\u00fbts des articles de premi\u00e8re<\/strong> <strong>n\u00e9cessit\u00e9<\/strong>. Si c&rsquo;est le cas, assurez-vous de demander le maximum que vous pouvez d\u00e9penser, et la compagnie a\u00e9rienne vous remboursera le montant total. Toutefois, veillez \u00e0 le faire par \u00e9crit en <strong>r\u00e9digeant une plainte officielle<\/strong> concernant les remboursements des frais suppl\u00e9mentaires dus \u00e0 la perte de bagages.<\/p>\n\n\n\n<p class=\"has-medium-font-size\">Si vous avez une carte de cr\u00e9dit avec assurance, prenez contact avec votre banque. La plupart des banques proposent \u00e0 leurs clients une sorte d&rsquo;assurance pour les bagages perdus ou retard\u00e9s.<\/p>\n\n\n\n<p class=\"has-medium-font-size\">Si votre bagage n&rsquo;est toujours pas retrouv\u00e9 apr\u00e8s 21 jours, il sera officiellement d\u00e9clar\u00e9 perdu. Dans ce cas, vous pouvez obtenir un remboursement allant jusqu\u2019\u00e0 2960\u2009\u20ac environ, selon le pays dans lequel vous \u00eates arriv\u00e9.<\/p>\n\n\n\n<h2 class=\"wp-block-heading\">Les montants d&rsquo;indemnisation pour les bagages perdus, endommag\u00e9s et retard\u00e9s<\/h2>\n\n\n\n<p class=\"has-medium-font-size\">Si vos bagages ont \u00e9t\u00e9 retard\u00e9s ou perdus, vous pourriez \u00eatre indemnis\u00e9 pour vos pertes. Veillez simplement \u00e0 d\u00e9poser votre r\u00e9clamation dans le d\u00e9lai imparti :<\/p>\n\n\n\n<p class=\"has-medium-font-size\">Bagages endommag\u00e9s : 7 jours ;<\/p>\n\n\n\n<p class=\"has-medium-font-size\">Contenu manquant ou endommag\u00e9 : 7 jours ;<\/p>\n\n\n\n<p class=\"has-medium-font-size\">Bagages retard\u00e9s ou perdus : 21 jours.<\/p>\n\n\n\n<p class=\"has-medium-font-size\">Le montant de l&rsquo;indemnisation d\u00e9pend de votre destination :<\/p>\n\n\n\n<p class=\"has-medium-font-size\">Si vous prenez <strong>un vol \u00e0 destination de l&rsquo;Europe, au d\u00e9part de l&rsquo;Europe<\/strong> ou \u00e0 l&rsquo;int\u00e9rieur de l&rsquo;Europe, en cas de retard des bagages, vous pouvez obtenir une <strong>indemnisation allant jusqu&rsquo;\u00e0 1300 \u20ac<\/strong> ;<\/p>\n\n\n\n<p class=\"has-medium-font-size\">Autres conseils pour obtenir le remboursement des bagages perdus :<\/p>\n\n\n\n<p class=\"has-medium-font-size\">Attendez-vous \u00e0 recevoir moins que le remboursement maximal. Les compagnies a\u00e9riennes connaissent g\u00e9n\u00e9ralement la valeur moyenne de chaque cas et h\u00e9sitent \u00e0 payer plus ;<\/p>\n\n\n\n<p class=\"has-medium-font-size\">Vous ne serez indemnis\u00e9 que si vous avez des re\u00e7us. M\u00eame si vous aviez un appareil photo vieux de cinq ans dans vos bagages, vous aurez besoin du re\u00e7u pour obtenir le remboursement. (Bien que certaines compagnies a\u00e9riennes ne le demandent pas pour les petits articles ordinaires) ;<\/p>\n\n\n\n<p class=\"has-medium-font-size\">M\u00eame si vous avez un re\u00e7u, les compagnies a\u00e9riennes ne compensent pas la valeur totale. Au contraire, elles \u00e9valuent tout ce qui a \u00e9t\u00e9 utilis\u00e9. Par exemple, si vous avez achet\u00e9 un costume \u00e0 300 $ il y a deux jours, vous r\u00e9cup\u00e9rerez environ 150 $ ;<\/p>\n\n\n\n<p class=\"has-medium-font-size\">Les compagnies a\u00e9riennes ne remboursent pas les objets de valeur, fragiles ou p\u00e9rissables.<\/p>\n\n\n\n<h2 class=\"wp-block-heading\">Comment \u00e9viter de perdre des bagages \u00e0 l&rsquo;avenir ?<\/h2>\n\n\n\n<p class=\"has-medium-font-size\">Si vous craignez de perdre vos bagages \u00e0 l&rsquo;avenir, il existe un certain nombre de pr\u00e9cautions que vous pouvez prendre pour \u00e9viter une situation frustrante.<\/p>\n\n\n\n<p class=\"has-medium-font-size\">Des \u00e9tudes ont montr\u00e9 que le plus souvent, les bagages sont perdus en raison d&rsquo;escales de correspondance entrecoup\u00e9es de courtes p\u00e9riodes de temps. C&rsquo;est logique, car lors d&rsquo;un rush, le personnel de la compagnie a\u00e9rienne ne peut souvent pas charger toutes les valises avant le d\u00e9collage.<\/p>\n\n\n\n<p class=\"has-medium-font-size\">Alors comment \u00e9viter cela ? <strong>Lorsque vous r\u00e9servez une escale, assurez-vous que l&rsquo;intervalle entre vos deux vols est d&rsquo;au moins 90 minutes.<\/strong><\/p>\n\n\n\n<p class=\"has-medium-font-size\">Les enregistrements tardifs sont une autre cause de retard des bagages. Il est conseill\u00e9 d&rsquo;apporter vos bagages \u00e0 l&rsquo;enregistrement au moins 90 minutes avant le d\u00e9part.<\/p>\n\n\n\n<p class=\"has-medium-font-size\">Enfin, l&rsquo;une des raisons les plus courantes de la perte des bagages est que certaines personnes aiment \u00ab\u00a0r\u00e9cup\u00e9rer\u00a0\u00bb les autocollants\/\u00e9tiquettes de l&rsquo;a\u00e9roport sur leurs bagages. Il est tr\u00e8s difficile pour les bagagistes de trouver la bonne \u00e9tiquette si vous en avez dix diff\u00e9rentes coll\u00e9es sur votre sac. Veillez donc \u00e0 <strong>toujours retirer les anciens autocollants avant l&rsquo;enregistrement<\/strong>.<\/p>\n\n\n\n<p class=\"has-medium-font-size\">Voici d&rsquo;autres mesures que vous pouvez prendre pour \u00e9viter que vos bagages ne se perdent \u00e0 l&rsquo;avenir :<\/p>\n\n\n\n<ul class=\"wp-block-list\">\n<li>Utilisez une \u00e9tiquette de bagage portant votre nom, votre pr\u00e9nom, votre adresse \u00e9lectronique et votre num\u00e9ro de t\u00e9l\u00e9phone.<\/li>\n\n\n\n<li>Fixez les sangles et autres \u00e9l\u00e9ments d\u00e9tach\u00e9s, car cela augmente les risques de chute sur les tapis roulants.<\/li>\n\n\n\n<li>Achetez une housse de valise de couleur vive et unique qui se d\u00e9marque et est descriptive.<\/li>\n\n\n\n<li>Gardez vos objets de valeur dans votre bagage \u00e0 main. Cela r\u00e9duit les risques de vol de votre bagage.<\/li>\n<\/ul>\n\n\n\n<h2 class=\"wp-block-heading\">Que font les a\u00e9roports avec les bagages perdus ?<\/h2>\n\n\n\n<p class=\"has-medium-font-size\">Si votre bagage n&rsquo;est pas r\u00e9clam\u00e9, il sera vendu aux ench\u00e8res. Bien qu&rsquo;il soit facile d&rsquo;\u00eatre pessimiste, les compagnies a\u00e9riennes font beaucoup pour s&rsquo;assurer que vos bagages sont r\u00e9cup\u00e9r\u00e9s. Principalement parce qu&rsquo;elles perdent de l&rsquo;argent sur les bagages perdus, les remboursements \u00e9tant plus \u00e9lev\u00e9s que les prix de vente aux ench\u00e8res.<\/p>\n\n\n\n<p class=\"has-medium-font-size\">Cependant, elles ne les vendent pas tout de suite. En g\u00e9n\u00e9ral, votre valise reste au terminal pendant environ cinq jours. Pendant cette p\u00e9riode, votre sac est v\u00e9rifi\u00e9 pour trouver des indices de son propri\u00e9taire. Si aucun propri\u00e9taire n&rsquo;est trouv\u00e9, elle est exp\u00e9di\u00e9e vers un entrep\u00f4t o\u00f9 elle reste environ 60 jours. Ensuite, il est vendu \u00e0 une salle des ventes.<\/p>\n\n\n\n<p class=\"has-medium-font-size\">Si vous perdez votre bagage, vous pouvez recevoir jusqu&rsquo;\u00e0 3500$ de remboursement de la part de la compagnie a\u00e9rienne responsable. En g\u00e9n\u00e9ral, les bagages sont vendus aux ench\u00e8res pour un montant bien inf\u00e9rieur \u00e0 cette somme, ce qui entra\u00eene des pertes \u00e9normes pour les compagnies a\u00e9riennes.<\/p>\n\n\n\n<p class=\"has-medium-font-size\">De plus, toutes les compagnies a\u00e9riennes ne vendent pas vos bagages non r\u00e9clam\u00e9s \u00e0 des maisons de vente aux ench\u00e8res. Certaines d&rsquo;entre elles font don de tous les articles \u00e0 des organisations caritatives, tandis que d&rsquo;autres les vendent en vrac \u00e0 leurs partenaires : Des entreprises qui revendent ensuite chaque article s\u00e9par\u00e9ment.<\/p>\n\n\n\n<h2 class=\"wp-block-heading\">Statistiques mondiales sur les bagages perdus<\/h2>\n\n\n\n<p class=\"has-medium-font-size\">Selon une \u00e9tude de la SITA publi\u00e9e en 2017, environ 5,73 bagages ont \u00e9t\u00e9 perdus sur 1000 passagers en 2016. Ce pourcentage a diminu\u00e9 chaque ann\u00e9e, avec 18,88 sacs perdus pour 1000 passagers en 2007. Cela repr\u00e9sente une baisse de pr\u00e8s de 70% des bagages perdus au cours des neuf derni\u00e8res ann\u00e9es.<\/p>\n\n\n\n<p class=\"has-medium-font-size\">Quelle est la corr\u00e9lation en euro ? Depuis 2007, le nombre total de passagers a augment\u00e9 d&rsquo;un tiers, mais le nombre de bagages perdus a diminu\u00e9 de moiti\u00e9. Le secteur de la bagagerie a ainsi \u00e9conomis\u00e9 1\u202f695 576 200 \u20ac<\/p>\n\n\n\n<p class=\"has-medium-font-size\">SITA a d\u00e9clar\u00e9 que cette diminution du nombre de bagages perdus est principalement due aux nouvelles technologies et aux am\u00e9liorations apport\u00e9es aux processus par les compagnies a\u00e9riennes et les a\u00e9roports du monde entier.<\/p>\n\n\n\n<p class=\"has-medium-font-size\">Sur le total des bagages \u00e9gar\u00e9s, environ <strong>47 % \u00e9taient dus \u00e0 des d\u00e9lais trop courts entre les vols de correspondance<\/strong>. Le d\u00e9faut de chargement des bagages arrive en deuxi\u00e8me position avec 16 %, suivi par une erreur de billetterie (15 %). Les autres causes sont le mauvais temps, les restrictions de poids, les douanes, les erreurs de manipulation \u00e0 l&rsquo;arriv\u00e9e, les erreurs d&rsquo;\u00e9tiquetage et les erreurs de chargement.<\/p>\n\n\n\n<p class=\"has-medium-font-size\">Sur l&rsquo;ensemble des r\u00e9clamations pour perte de bagages, seuls 7 % sont totalement perdus et ne seront jamais revus. Au total, les <strong>chances que vous perdiez compl\u00e8tement vos bagages sont d&rsquo;environ 1 sur 2500<\/strong>.<\/p>\n\n\n\n<h2 class=\"wp-block-heading\">Les pires a\u00e9roports pour les pertes de bagages et les vols de bagages<\/h2>\n\n\n\n<h3 class=\"wp-block-heading\">A\u00e9roport international de Santorin Thira, Gr\u00e8ce :<\/h3>\n\n\n\n<figure class=\"wp-block-image size-large\"><img loading=\"lazy\" decoding=\"async\" width=\"1200\" height=\"800\" src=\"https:\/\/velartrip.com\/wp-content\/uploads\/2021\/08\/3411107-aeroport-international-de-santorin-ile-de-santorin-grece-gratuit-photo-1200x800.jpeg\" alt=\"\" class=\"wp-image-16895\" srcset=\"https:\/\/velartrip.com\/wp-content\/uploads\/2021\/08\/3411107-aeroport-international-de-santorin-ile-de-santorin-grece-gratuit-photo-1200x800.jpeg 1200w, https:\/\/velartrip.com\/wp-content\/uploads\/2021\/08\/3411107-aeroport-international-de-santorin-ile-de-santorin-grece-gratuit-photo-600x400.jpeg 600w, https:\/\/velartrip.com\/wp-content\/uploads\/2021\/08\/3411107-aeroport-international-de-santorin-ile-de-santorin-grece-gratuit-photo-768x512.jpeg 768w, https:\/\/velartrip.com\/wp-content\/uploads\/2021\/08\/3411107-aeroport-international-de-santorin-ile-de-santorin-grece-gratuit-photo-18x12.jpeg 18w, https:\/\/velartrip.com\/wp-content\/uploads\/2021\/08\/3411107-aeroport-international-de-santorin-ile-de-santorin-grece-gratuit-photo.jpeg 1470w\" sizes=\"auto, (max-width: 1200px) 100vw, 1200px\" \/><\/figure>\n\n\n\n<p class=\"has-medium-font-size\">Malheureusement, malgr\u00e9 sa beaut\u00e9 \u00e9poustouflante, l&rsquo;a\u00e9roport de cette c\u00e9l\u00e8bre \u00eele est connu pour \u00eatre un point d&rsquo;entr\u00e9e et de d\u00e9part difficile pour les voyageurs. Les installations de Santorin sont souvent consid\u00e9r\u00e9es comme quasi insoutenables en raison de leur taille et de leurs capacit\u00e9s comparables au nombre stup\u00e9fiant de touristes qui s&rsquo;y rendent tout au long de l&rsquo;ann\u00e9e. Les carrousels \u00e0 bagages y sont souvent chaotiques, ce qui entra\u00eene souvent des retards et des pertes de bagages.<\/p>\n\n\n\n<h3 class=\"wp-block-heading\">A\u00e9roport international John F Kennedy, NY, \u00c9tats-Unis :<\/h3>\n\n\n\n<p class=\"has-medium-font-size\">Cet a\u00e9roport a longtemps d\u00e9tenu le record du plus grand nombre de vols aux \u00c9tats-Unis. Des milliers de r\u00e9clamations pour perte ou vol de bagages ont \u00e9t\u00e9 faites au fil des ans, et des rapports de 2012 indiquent que l&rsquo;a\u00e9roport enregistre jusqu&rsquo;\u00e0 200 cas de vol par jour. Si vous prenez l&rsquo;avion \u00e0 JFK \u00e0 l&rsquo;avenir, n&rsquo;oubliez pas de mettre en \u0153uvre nos conseils de pr\u00e9vention mentionn\u00e9s ci-dessus.<\/p>\n\n\n\n<h3 class=\"wp-block-heading\">A\u00e9roport international de Juba, Soudan :<\/h3>\n\n\n\n<figure class=\"wp-block-image size-full\"><img loading=\"lazy\" decoding=\"async\" width=\"1024\" height=\"538\" src=\"https:\/\/velartrip.com\/wp-content\/uploads\/2021\/08\/aeroport-juba.webp\" alt=\"\" class=\"wp-image-16894\" srcset=\"https:\/\/velartrip.com\/wp-content\/uploads\/2021\/08\/aeroport-juba.webp 1024w, https:\/\/velartrip.com\/wp-content\/uploads\/2021\/08\/aeroport-juba-761x400.webp 761w, https:\/\/velartrip.com\/wp-content\/uploads\/2021\/08\/aeroport-juba-768x404.webp 768w, https:\/\/velartrip.com\/wp-content\/uploads\/2021\/08\/aeroport-juba-18x9.webp 18w\" sizes=\"auto, (max-width: 1024px) 100vw, 1024px\" \/><\/figure>\n\n\n\n<p class=\"has-medium-font-size\">Ce n&rsquo;est peut-\u00eatre pas votre destination de voyage habituelle, mais au cas o\u00f9 vous envisageriez de faire le voyage, il est bon de savoir que l&rsquo;a\u00e9roport international de Juba est consid\u00e9r\u00e9 comme l&rsquo;un des pires a\u00e9roports du monde. Avec un nombre \u00e9lev\u00e9 de plaintes signal\u00e9es concernant les installations (des tentes sont souvent utilis\u00e9es \u00e0 la place des terminaux) et des infrastructures dangereuses, il n&rsquo;est pas surprenant que vos bagages ne soient pas les plus s\u00fbrs dans cet a\u00e9roport. Juba est certainement un a\u00e9roport vers lequel vous souhaitez vous rendre arm\u00e9 d&rsquo;un sac de voyage suppl\u00e9mentaire et de votre assurance voyage.<\/p>\n\n\n\n<h3 class=\"wp-block-heading\">A\u00e9roport d&rsquo;Heathrow, Londres, Angleterre :<\/h3>\n\n\n\n<figure class=\"wp-block-image size-full\"><img loading=\"lazy\" decoding=\"async\" width=\"640\" height=\"360\" src=\"https:\/\/velartrip.com\/wp-content\/uploads\/2021\/08\/aeroport-hearthrow.jpg\" alt=\"\" class=\"wp-image-16893\" srcset=\"https:\/\/velartrip.com\/wp-content\/uploads\/2021\/08\/aeroport-hearthrow.jpg 640w, https:\/\/velartrip.com\/wp-content\/uploads\/2021\/08\/aeroport-hearthrow-18x10.jpg 18w\" sizes=\"auto, (max-width: 640px) 100vw, 640px\" \/><\/figure>\n\n\n\n<p class=\"has-medium-font-size\">Comme New York, Londres est une m\u00e9tropole prosp\u00e8re o\u00f9 le nombre de voyageurs entrant chaque jour est parmi les plus \u00e9lev\u00e9s au monde. Par cons\u00e9quent, Heathrow, l&rsquo;a\u00e9roport le plus fr\u00e9quent\u00e9 de la ville, enregistre le plus grand nombre de probl\u00e8mes et de tribulations concernant les bagages que tout autre a\u00e9roport du Royaume-Uni.<\/p>\n\n\n\n<p class=\"has-medium-font-size\">Il ne s&rsquo;agit l\u00e0 que de quelques a\u00e9roports qui enregistrent un nombre \u00e9lev\u00e9 de r\u00e9clamations et de d\u00e9clarations de bagages perdus ou vol\u00e9s. En voici quelques autres qui m\u00e9ritent d&rsquo;\u00eatre \u00e9tudi\u00e9s si vous vous rendez dans ces pays :<\/p>\n\n\n\n<ul class=\"wp-block-list has-medium-font-size\">\n<li><strong>A\u00e9roport international d&rsquo;Islamabad Benazir Bhutto, Pakistan<\/strong><\/li>\n<\/ul>\n\n\n\n<ul class=\"wp-block-list has-medium-font-size\">\n<li><strong>A\u00e9roport de Los Angeles, Los Angeles, \u00c9tats-Unis<\/strong><\/li>\n<\/ul>\n\n\n\n<ul class=\"wp-block-list has-medium-font-size\">\n<li><strong>Caracas Sim\u00f3n Bol\u00edvar International Airport, Venezuela<\/strong><\/li>\n<\/ul>\n\n\n\n<ul class=\"wp-block-list has-medium-font-size\">\n<li><strong>Luton International, Londres, Angleterre<\/strong><\/li>\n<\/ul>\n\n\n\n<ul class=\"wp-block-list has-medium-font-size\">\n<li><strong>A\u00e9roport de Madrid-Barajas Adolfo Su\u00e1rez, Madrid, Espagne<\/strong><\/li>\n<\/ul>\n\n\n\n<h2 class=\"wp-block-heading\">Vous avez toutes les cl\u00e9s en main !<\/h2>\n\n\n\n<p class=\"has-medium-font-size\">Vous \u00eates d\u00e9sormais fins pr\u00eats pour voyager sereinement, pour diminuer \u00e9norm\u00e9ment le risque de bagage retard\u00e9 ou perdus, nous vous recommandons d&rsquo;ajouter une housse de valise qui permettra d&rsquo;identifier et de prot\u00e9ger votre valise dans tous les a\u00e9roports du monde entier. <\/p>\n\n\n<div data-align-buttons=\"true\" data-block-name=\"woocommerce\/product-category\" data-categories=\"[392]\" data-columns=\"5\" data-content-visibility=\"{&quot;title&quot;:true,&quot;price&quot;:true,&quot;rating&quot;:false,&quot;button&quot;:false}\" data-orderby=\"menu_order\" data-rows=\"2\" class=\"wc-block-grid wp-block-product-category wp-block-woocommerce-product-category wc-block-product-category has-5-columns has-multiple-rows has-aligned-buttons\"><ul class=\"wc-block-grid__products\"><li class=\"wc-block-grid__product entry loop-entry content-bg woo-archive-action-on-hover woo-archive-btn-text product-loop-unboxed woo-archive-image-hover-fade\"><a href=\"https:\/\/velartrip.com\/en\/accessoires-pour-valise\/housse-de-valise\/housse-valise-extensible-bleu\/\" class=\"wc-block-grid__product-link woocommerce-loop-image-link woocommerce-LoopProduct-link woocommerce-loop-product__link product-has-hover-image\">\n\t\t\t\t\t<img loading=\"lazy\" decoding=\"async\" width=\"600\" height=\"600\" src=\"https:\/\/velartrip.com\/wp-content\/uploads\/2020\/04\/housse-de-valise-ondulations-bleu-clair-768x768.jpg\" class=\"attachment-woocommerce_thumbnail size-woocommerce_thumbnail\" alt=\"housse de valise ondulation\" srcset=\"https:\/\/velartrip.com\/wp-content\/uploads\/2020\/04\/housse-de-valise-ondulations-bleu-clair-768x768.jpg 768w, https:\/\/velartrip.com\/wp-content\/uploads\/2020\/04\/housse-de-valise-ondulations-bleu-clair-247x247.jpg 247w, https:\/\/velartrip.com\/wp-content\/uploads\/2020\/04\/housse-de-valise-ondulations-bleu-clair-100x100.jpg 100w, https:\/\/velartrip.com\/wp-content\/uploads\/2020\/04\/housse-de-valise-ondulations-bleu-clair-400x400.jpg 400w, https:\/\/velartrip.com\/wp-content\/uploads\/2020\/04\/housse-de-valise-ondulations-bleu-clair-280x280.jpg 280w, https:\/\/velartrip.com\/wp-content\/uploads\/2020\/04\/housse-de-valise-ondulations-bleu-clair-510x510.jpg 510w, https:\/\/velartrip.com\/wp-content\/uploads\/2020\/04\/housse-de-valise-ondulations-bleu-clair-228x228.jpg 228w, https:\/\/velartrip.com\/wp-content\/uploads\/2020\/04\/housse-de-valise-ondulations-bleu-clair-114x114.jpg 114w, https:\/\/velartrip.com\/wp-content\/uploads\/2020\/04\/housse-de-valise-ondulations-bleu-clair-266x266.jpg 266w, https:\/\/velartrip.com\/wp-content\/uploads\/2020\/04\/housse-de-valise-ondulations-bleu-clair-133x133.jpg 133w, https:\/\/velartrip.com\/wp-content\/uploads\/2020\/04\/housse-de-valise-ondulations-bleu-clair.jpg 800w\" sizes=\"auto, (max-width: 600px) 100vw, 600px\" \/>\n\t\t\t\t\t<img loading=\"lazy\" decoding=\"async\" width=\"600\" height=\"600\" src=\"https:\/\/velartrip.com\/wp-content\/uploads\/2022\/04\/housse-de-valise-extensible-bleu-velartrip-18843860041885-768x768.jpg\" class=\"secondary-product-image attachment-woocommerce_thumbnail attachment-shop-catalog wp-post-image wp-post-image--secondary\" alt=\"housse-de-valise-extensible-bleu-velartrip-18843860041885\" srcset=\"https:\/\/velartrip.com\/wp-content\/uploads\/2022\/04\/housse-de-valise-extensible-bleu-velartrip-18843860041885-768x768.jpg 768w, https:\/\/velartrip.com\/wp-content\/uploads\/2022\/04\/housse-de-valise-extensible-bleu-velartrip-18843860041885-247x247.jpg 247w, https:\/\/velartrip.com\/wp-content\/uploads\/2022\/04\/housse-de-valise-extensible-bleu-velartrip-18843860041885-100x100.jpg 100w, https:\/\/velartrip.com\/wp-content\/uploads\/2022\/04\/housse-de-valise-extensible-bleu-velartrip-18843860041885-400x400.jpg 400w, https:\/\/velartrip.com\/wp-content\/uploads\/2022\/04\/housse-de-valise-extensible-bleu-velartrip-18843860041885-280x280.jpg 280w, https:\/\/velartrip.com\/wp-content\/uploads\/2022\/04\/housse-de-valise-extensible-bleu-velartrip-18843860041885-510x510.jpg 510w, https:\/\/velartrip.com\/wp-content\/uploads\/2022\/04\/housse-de-valise-extensible-bleu-velartrip-18843860041885-228x228.jpg 228w, https:\/\/velartrip.com\/wp-content\/uploads\/2022\/04\/housse-de-valise-extensible-bleu-velartrip-18843860041885-114x114.jpg 114w, https:\/\/velartrip.com\/wp-content\/uploads\/2022\/04\/housse-de-valise-extensible-bleu-velartrip-18843860041885-182x182.jpg 182w, https:\/\/velartrip.com\/wp-content\/uploads\/2022\/04\/housse-de-valise-extensible-bleu-velartrip-18843860041885-91x91.jpg 91w, https:\/\/velartrip.com\/wp-content\/uploads\/2022\/04\/housse-de-valise-extensible-bleu-velartrip-18843860041885-320x320.jpg 320w, https:\/\/velartrip.com\/wp-content\/uploads\/2022\/04\/housse-de-valise-extensible-bleu-velartrip-18843860041885-160x160.jpg 160w, https:\/\/velartrip.com\/wp-content\/uploads\/2022\/04\/housse-de-valise-extensible-bleu-velartrip-18843860041885-266x266.jpg 266w, https:\/\/velartrip.com\/wp-content\/uploads\/2022\/04\/housse-de-valise-extensible-bleu-velartrip-18843860041885-133x133.jpg 133w, https:\/\/velartrip.com\/wp-content\/uploads\/2022\/04\/housse-de-valise-extensible-bleu-velartrip-18843860041885-212x212.jpg 212w, https:\/\/velartrip.com\/wp-content\/uploads\/2022\/04\/housse-de-valise-extensible-bleu-velartrip-18843860041885-106x106.jpg 106w, https:\/\/velartrip.com\/wp-content\/uploads\/2022\/04\/housse-de-valise-extensible-bleu-velartrip-18843860041885-256x256.jpg 256w, https:\/\/velartrip.com\/wp-content\/uploads\/2022\/04\/housse-de-valise-extensible-bleu-velartrip-18843860041885-128x128.jpg 128w, https:\/\/velartrip.com\/wp-content\/uploads\/2022\/04\/housse-de-valise-extensible-bleu-velartrip-18843860041885-220x220.jpg 220w, https:\/\/velartrip.com\/wp-content\/uploads\/2022\/04\/housse-de-valise-extensible-bleu-velartrip-18843860041885-110x110.jpg 110w, https:\/\/velartrip.com\/wp-content\/uploads\/2022\/04\/housse-de-valise-extensible-bleu-velartrip-18843860041885.jpg 800w\" sizes=\"auto, (max-width: 600px) 100vw, 600px\" \/>\n\t\t\t\t<\/a>\n\t\t\t\t<div class=\"product-details content-bg entry-content-wrap\">\n\t\t\t\t\t<a href=\"https:\/\/velartrip.com\/en\/accessoires-pour-valise\/housse-de-valise\/housse-valise-extensible-bleu\/\" class=\"wc-block-grid__product-title-link\">\n\t\t\t\t\t\t<div class=\"wc-block-grid__product-title\">Housse De Valise  Abstrait<\/div>\n\t\t\t\t\t<\/a>\n\t\t\t\t\t\n\t\t\t\t\t<div class=\"wc-block-grid__product-price price\"><span class=\"woocommerce-Price-amount amount\" aria-hidden=\"true\">27,00<span class=\"woocommerce-Price-currencySymbol\">&euro;<\/span><\/span> <span aria-hidden=\"true\">&ndash;<\/span> <span class=\"woocommerce-Price-amount amount\" aria-hidden=\"true\">41,00<span class=\"woocommerce-Price-currencySymbol\">&euro;<\/span><\/span><span class=\"screen-reader-text\">Price range: 27,00&euro; through 41,00&euro;<\/span><\/div>\n\t\t\t\t\t\n\t\t\t\t<\/div>\n\t\t\t<\/li><li class=\"wc-block-grid__product entry loop-entry content-bg woo-archive-action-on-hover woo-archive-btn-text product-loop-unboxed woo-archive-image-hover-fade\"><a href=\"https:\/\/velartrip.com\/en\/accessoires-pour-valise\/housse-de-valise\/housse-valise-ananas\/\" class=\"wc-block-grid__product-link woocommerce-loop-image-link woocommerce-LoopProduct-link woocommerce-loop-product__link product-has-hover-image\">\n\t\t\t\t\t<img loading=\"lazy\" decoding=\"async\" width=\"600\" height=\"600\" src=\"https:\/\/velartrip.com\/wp-content\/uploads\/2020\/04\/housse-de-valise-ananas-768x768.jpg\" class=\"attachment-woocommerce_thumbnail size-woocommerce_thumbnail\" alt=\"housse de valise ananas\" srcset=\"https:\/\/velartrip.com\/wp-content\/uploads\/2020\/04\/housse-de-valise-ananas-768x768.jpg 768w, https:\/\/velartrip.com\/wp-content\/uploads\/2020\/04\/housse-de-valise-ananas-247x247.jpg 247w, https:\/\/velartrip.com\/wp-content\/uploads\/2020\/04\/housse-de-valise-ananas-100x100.jpg 100w, https:\/\/velartrip.com\/wp-content\/uploads\/2020\/04\/housse-de-valise-ananas-400x400.jpg 400w, https:\/\/velartrip.com\/wp-content\/uploads\/2020\/04\/housse-de-valise-ananas-280x280.jpg 280w, https:\/\/velartrip.com\/wp-content\/uploads\/2020\/04\/housse-de-valise-ananas-510x510.jpg 510w, https:\/\/velartrip.com\/wp-content\/uploads\/2020\/04\/housse-de-valise-ananas-228x228.jpg 228w, https:\/\/velartrip.com\/wp-content\/uploads\/2020\/04\/housse-de-valise-ananas-114x114.jpg 114w, https:\/\/velartrip.com\/wp-content\/uploads\/2020\/04\/housse-de-valise-ananas-266x266.jpg 266w, https:\/\/velartrip.com\/wp-content\/uploads\/2020\/04\/housse-de-valise-ananas-133x133.jpg 133w, https:\/\/velartrip.com\/wp-content\/uploads\/2020\/04\/housse-de-valise-ananas.jpg 800w\" sizes=\"auto, (max-width: 600px) 100vw, 600px\" \/>\n\t\t\t\t\t<img loading=\"lazy\" decoding=\"async\" width=\"600\" height=\"600\" src=\"https:\/\/velartrip.com\/wp-content\/uploads\/2022\/04\/housse-de-valise-extensible-bleu-velartrip-18843860041885-768x768.jpg\" class=\"secondary-product-image attachment-woocommerce_thumbnail attachment-shop-catalog wp-post-image wp-post-image--secondary\" alt=\"housse-de-valise-extensible-bleu-velartrip-18843860041885\" srcset=\"https:\/\/velartrip.com\/wp-content\/uploads\/2022\/04\/housse-de-valise-extensible-bleu-velartrip-18843860041885-768x768.jpg 768w, https:\/\/velartrip.com\/wp-content\/uploads\/2022\/04\/housse-de-valise-extensible-bleu-velartrip-18843860041885-247x247.jpg 247w, https:\/\/velartrip.com\/wp-content\/uploads\/2022\/04\/housse-de-valise-extensible-bleu-velartrip-18843860041885-100x100.jpg 100w, https:\/\/velartrip.com\/wp-content\/uploads\/2022\/04\/housse-de-valise-extensible-bleu-velartrip-18843860041885-400x400.jpg 400w, https:\/\/velartrip.com\/wp-content\/uploads\/2022\/04\/housse-de-valise-extensible-bleu-velartrip-18843860041885-280x280.jpg 280w, https:\/\/velartrip.com\/wp-content\/uploads\/2022\/04\/housse-de-valise-extensible-bleu-velartrip-18843860041885-510x510.jpg 510w, https:\/\/velartrip.com\/wp-content\/uploads\/2022\/04\/housse-de-valise-extensible-bleu-velartrip-18843860041885-228x228.jpg 228w, https:\/\/velartrip.com\/wp-content\/uploads\/2022\/04\/housse-de-valise-extensible-bleu-velartrip-18843860041885-114x114.jpg 114w, https:\/\/velartrip.com\/wp-content\/uploads\/2022\/04\/housse-de-valise-extensible-bleu-velartrip-18843860041885-182x182.jpg 182w, https:\/\/velartrip.com\/wp-content\/uploads\/2022\/04\/housse-de-valise-extensible-bleu-velartrip-18843860041885-91x91.jpg 91w, https:\/\/velartrip.com\/wp-content\/uploads\/2022\/04\/housse-de-valise-extensible-bleu-velartrip-18843860041885-320x320.jpg 320w, https:\/\/velartrip.com\/wp-content\/uploads\/2022\/04\/housse-de-valise-extensible-bleu-velartrip-18843860041885-160x160.jpg 160w, https:\/\/velartrip.com\/wp-content\/uploads\/2022\/04\/housse-de-valise-extensible-bleu-velartrip-18843860041885-266x266.jpg 266w, https:\/\/velartrip.com\/wp-content\/uploads\/2022\/04\/housse-de-valise-extensible-bleu-velartrip-18843860041885-133x133.jpg 133w, https:\/\/velartrip.com\/wp-content\/uploads\/2022\/04\/housse-de-valise-extensible-bleu-velartrip-18843860041885-212x212.jpg 212w, https:\/\/velartrip.com\/wp-content\/uploads\/2022\/04\/housse-de-valise-extensible-bleu-velartrip-18843860041885-106x106.jpg 106w, https:\/\/velartrip.com\/wp-content\/uploads\/2022\/04\/housse-de-valise-extensible-bleu-velartrip-18843860041885-256x256.jpg 256w, https:\/\/velartrip.com\/wp-content\/uploads\/2022\/04\/housse-de-valise-extensible-bleu-velartrip-18843860041885-128x128.jpg 128w, https:\/\/velartrip.com\/wp-content\/uploads\/2022\/04\/housse-de-valise-extensible-bleu-velartrip-18843860041885-220x220.jpg 220w, https:\/\/velartrip.com\/wp-content\/uploads\/2022\/04\/housse-de-valise-extensible-bleu-velartrip-18843860041885-110x110.jpg 110w, https:\/\/velartrip.com\/wp-content\/uploads\/2022\/04\/housse-de-valise-extensible-bleu-velartrip-18843860041885.jpg 800w\" sizes=\"auto, (max-width: 600px) 100vw, 600px\" \/>\n\t\t\t\t<\/a>\n\t\t\t\t<div class=\"product-details content-bg entry-content-wrap\">\n\t\t\t\t\t<a href=\"https:\/\/velartrip.com\/en\/accessoires-pour-valise\/housse-de-valise\/housse-valise-ananas\/\" class=\"wc-block-grid__product-title-link\">\n\t\t\t\t\t\t<div class=\"wc-block-grid__product-title\">Housse De Valise  Ananas<\/div>\n\t\t\t\t\t<\/a>\n\t\t\t\t\t\n\t\t\t\t\t<div class=\"wc-block-grid__product-price price\"><span class=\"woocommerce-Price-amount amount\" aria-hidden=\"true\">30,00<span class=\"woocommerce-Price-currencySymbol\">&euro;<\/span><\/span> <span aria-hidden=\"true\">&ndash;<\/span> <span class=\"woocommerce-Price-amount amount\" aria-hidden=\"true\">45,00<span class=\"woocommerce-Price-currencySymbol\">&euro;<\/span><\/span><span class=\"screen-reader-text\">Price range: 30,00&euro; through 45,00&euro;<\/span><\/div>\n\t\t\t\t\t\n\t\t\t\t<\/div>\n\t\t\t<\/li><li class=\"wc-block-grid__product entry loop-entry content-bg woo-archive-action-on-hover woo-archive-btn-text product-loop-unboxed woo-archive-image-hover-fade\"><a href=\"https:\/\/velartrip.com\/en\/accessoires-pour-valise\/housse-de-valise\/housse-valise-elastique-flamant-rose\/\" class=\"wc-block-grid__product-link woocommerce-loop-image-link woocommerce-LoopProduct-link woocommerce-loop-product__link\">\n\t\t\t\t\t<img loading=\"lazy\" decoding=\"async\" width=\"600\" height=\"600\" src=\"https:\/\/velartrip.com\/wp-content\/uploads\/2020\/04\/housse-de-valise-art--768x768.jpg\" class=\"attachment-woocommerce_thumbnail size-woocommerce_thumbnail\" alt=\"housse de valise flamant rose art\" srcset=\"https:\/\/velartrip.com\/wp-content\/uploads\/2020\/04\/housse-de-valise-art--768x768.jpg 768w, https:\/\/velartrip.com\/wp-content\/uploads\/2020\/04\/housse-de-valise-art--247x247.jpg 247w, https:\/\/velartrip.com\/wp-content\/uploads\/2020\/04\/housse-de-valise-art--100x100.jpg 100w, https:\/\/velartrip.com\/wp-content\/uploads\/2020\/04\/housse-de-valise-art--400x400.jpg 400w, https:\/\/velartrip.com\/wp-content\/uploads\/2020\/04\/housse-de-valise-art--280x280.jpg 280w, https:\/\/velartrip.com\/wp-content\/uploads\/2020\/04\/housse-de-valise-art--510x510.jpg 510w, https:\/\/velartrip.com\/wp-content\/uploads\/2020\/04\/housse-de-valise-art--228x228.jpg 228w, https:\/\/velartrip.com\/wp-content\/uploads\/2020\/04\/housse-de-valise-art--114x114.jpg 114w, https:\/\/velartrip.com\/wp-content\/uploads\/2020\/04\/housse-de-valise-art--320x320.jpg 320w, https:\/\/velartrip.com\/wp-content\/uploads\/2020\/04\/housse-de-valise-art--160x160.jpg 160w, https:\/\/velartrip.com\/wp-content\/uploads\/2020\/04\/housse-de-valise-art--266x266.jpg 266w, https:\/\/velartrip.com\/wp-content\/uploads\/2020\/04\/housse-de-valise-art--133x133.jpg 133w, https:\/\/velartrip.com\/wp-content\/uploads\/2020\/04\/housse-de-valise-art-.jpg 800w\" sizes=\"auto, (max-width: 600px) 100vw, 600px\" \/>\n\t\t\t\t\t\n\t\t\t\t<\/a>\n\t\t\t\t<div class=\"product-details content-bg entry-content-wrap\">\n\t\t\t\t\t<a href=\"https:\/\/velartrip.com\/en\/accessoires-pour-valise\/housse-de-valise\/housse-valise-elastique-flamant-rose\/\" class=\"wc-block-grid__product-title-link\">\n\t\t\t\t\t\t<div class=\"wc-block-grid__product-title\">Housse De Valise  Art<\/div>\n\t\t\t\t\t<\/a>\n\t\t\t\t\t\n\t\t\t\t\t<div class=\"wc-block-grid__product-price price\"><span class=\"woocommerce-Price-amount amount\" aria-hidden=\"true\">27,00<span class=\"woocommerce-Price-currencySymbol\">&euro;<\/span><\/span> <span aria-hidden=\"true\">&ndash;<\/span> <span class=\"woocommerce-Price-amount amount\" aria-hidden=\"true\">41,00<span class=\"woocommerce-Price-currencySymbol\">&euro;<\/span><\/span><span class=\"screen-reader-text\">Price range: 27,00&euro; through 41,00&euro;<\/span><\/div>\n\t\t\t\t\t\n\t\t\t\t<\/div>\n\t\t\t<\/li><li class=\"wc-block-grid__product entry loop-entry content-bg woo-archive-action-on-hover woo-archive-btn-text product-loop-unboxed woo-archive-image-hover-fade\"><a href=\"https:\/\/velartrip.com\/en\/accessoires-pour-valise\/housse-de-valise\/housse-valise-astronaute\/\" class=\"wc-block-grid__product-link woocommerce-loop-image-link woocommerce-LoopProduct-link woocommerce-loop-product__link product-has-hover-image\">\n\t\t\t\t\t<img loading=\"lazy\" decoding=\"async\" width=\"600\" height=\"600\" src=\"https:\/\/velartrip.com\/wp-content\/uploads\/2020\/10\/housse-de-valise-astronaute-768x768.jpg\" class=\"attachment-woocommerce_thumbnail size-woocommerce_thumbnail\" alt=\"housse de valise astronaute\" srcset=\"https:\/\/velartrip.com\/wp-content\/uploads\/2020\/10\/housse-de-valise-astronaute-768x768.jpg 768w, https:\/\/velartrip.com\/wp-content\/uploads\/2020\/10\/housse-de-valise-astronaute-247x247.jpg 247w, https:\/\/velartrip.com\/wp-content\/uploads\/2020\/10\/housse-de-valise-astronaute-100x100.jpg 100w, https:\/\/velartrip.com\/wp-content\/uploads\/2020\/10\/housse-de-valise-astronaute-400x400.jpg 400w, https:\/\/velartrip.com\/wp-content\/uploads\/2020\/10\/housse-de-valise-astronaute-280x280.jpg 280w, https:\/\/velartrip.com\/wp-content\/uploads\/2020\/10\/housse-de-valise-astronaute-510x510.jpg 510w, https:\/\/velartrip.com\/wp-content\/uploads\/2020\/10\/housse-de-valise-astronaute-228x228.jpg 228w, https:\/\/velartrip.com\/wp-content\/uploads\/2020\/10\/housse-de-valise-astronaute-114x114.jpg 114w, https:\/\/velartrip.com\/wp-content\/uploads\/2020\/10\/housse-de-valise-astronaute-266x266.jpg 266w, https:\/\/velartrip.com\/wp-content\/uploads\/2020\/10\/housse-de-valise-astronaute-133x133.jpg 133w, https:\/\/velartrip.com\/wp-content\/uploads\/2020\/10\/housse-de-valise-astronaute.jpg 800w\" sizes=\"auto, (max-width: 600px) 100vw, 600px\" \/>\n\t\t\t\t\t<img loading=\"lazy\" decoding=\"async\" width=\"600\" height=\"600\" src=\"https:\/\/velartrip.com\/wp-content\/uploads\/2022\/04\/Housse-de-valise-tuto-2-768x768.jpg\" class=\"secondary-product-image attachment-woocommerce_thumbnail attachment-shop-catalog wp-post-image wp-post-image--secondary\" alt=\"Housse de valise trolley\" srcset=\"https:\/\/velartrip.com\/wp-content\/uploads\/2022\/04\/Housse-de-valise-tuto-2-768x768.jpg 768w, https:\/\/velartrip.com\/wp-content\/uploads\/2022\/04\/Housse-de-valise-tuto-2-247x247.jpg 247w, https:\/\/velartrip.com\/wp-content\/uploads\/2022\/04\/Housse-de-valise-tuto-2-100x100.jpg 100w, https:\/\/velartrip.com\/wp-content\/uploads\/2022\/04\/Housse-de-valise-tuto-2-400x400.jpg 400w, https:\/\/velartrip.com\/wp-content\/uploads\/2022\/04\/Housse-de-valise-tuto-2-280x280.jpg 280w, https:\/\/velartrip.com\/wp-content\/uploads\/2022\/04\/Housse-de-valise-tuto-2-510x510.jpg 510w, https:\/\/velartrip.com\/wp-content\/uploads\/2022\/04\/Housse-de-valise-tuto-2-228x228.jpg 228w, https:\/\/velartrip.com\/wp-content\/uploads\/2022\/04\/Housse-de-valise-tuto-2-114x114.jpg 114w, https:\/\/velartrip.com\/wp-content\/uploads\/2022\/04\/Housse-de-valise-tuto-2-182x182.jpg 182w, https:\/\/velartrip.com\/wp-content\/uploads\/2022\/04\/Housse-de-valise-tuto-2-91x91.jpg 91w, https:\/\/velartrip.com\/wp-content\/uploads\/2022\/04\/Housse-de-valise-tuto-2-320x320.jpg 320w, https:\/\/velartrip.com\/wp-content\/uploads\/2022\/04\/Housse-de-valise-tuto-2-160x160.jpg 160w, https:\/\/velartrip.com\/wp-content\/uploads\/2022\/04\/Housse-de-valise-tuto-2-266x266.jpg 266w, https:\/\/velartrip.com\/wp-content\/uploads\/2022\/04\/Housse-de-valise-tuto-2-133x133.jpg 133w, https:\/\/velartrip.com\/wp-content\/uploads\/2022\/04\/Housse-de-valise-tuto-2-212x212.jpg 212w, https:\/\/velartrip.com\/wp-content\/uploads\/2022\/04\/Housse-de-valise-tuto-2-106x106.jpg 106w, https:\/\/velartrip.com\/wp-content\/uploads\/2022\/04\/Housse-de-valise-tuto-2.jpg 800w\" sizes=\"auto, (max-width: 600px) 100vw, 600px\" \/>\n\t\t\t\t<\/a>\n\t\t\t\t<div class=\"product-details content-bg entry-content-wrap\">\n\t\t\t\t\t<a href=\"https:\/\/velartrip.com\/en\/accessoires-pour-valise\/housse-de-valise\/housse-valise-astronaute\/\" class=\"wc-block-grid__product-title-link\">\n\t\t\t\t\t\t<div class=\"wc-block-grid__product-title\">Housse De Valise  Astronaute<\/div>\n\t\t\t\t\t<\/a>\n\t\t\t\t\t\n\t\t\t\t\t<div class=\"wc-block-grid__product-price price\"><span class=\"woocommerce-Price-amount amount\" aria-hidden=\"true\">27,00<span class=\"woocommerce-Price-currencySymbol\">&euro;<\/span><\/span> <span aria-hidden=\"true\">&ndash;<\/span> <span class=\"woocommerce-Price-amount amount\" aria-hidden=\"true\">41,00<span class=\"woocommerce-Price-currencySymbol\">&euro;<\/span><\/span><span class=\"screen-reader-text\">Price range: 27,00&euro; through 41,00&euro;<\/span><\/div>\n\t\t\t\t\t\n\t\t\t\t<\/div>\n\t\t\t<\/li><li class=\"wc-block-grid__product entry loop-entry content-bg woo-archive-action-on-hover woo-archive-btn-text product-loop-unboxed woo-archive-image-hover-fade\"><a href=\"https:\/\/velartrip.com\/en\/accessoires-pour-valise\/housse-de-valise\/housse-valise-automne\/\" class=\"wc-block-grid__product-link woocommerce-loop-image-link woocommerce-LoopProduct-link woocommerce-loop-product__link product-has-hover-image\">\n\t\t\t\t\t<img loading=\"lazy\" decoding=\"async\" width=\"600\" height=\"600\" src=\"https:\/\/velartrip.com\/wp-content\/uploads\/2020\/10\/housse-de-valise-automne-768x768.jpg\" class=\"attachment-woocommerce_thumbnail size-woocommerce_thumbnail\" alt=\"housse de valise automne\" srcset=\"https:\/\/velartrip.com\/wp-content\/uploads\/2020\/10\/housse-de-valise-automne-768x768.jpg 768w, https:\/\/velartrip.com\/wp-content\/uploads\/2020\/10\/housse-de-valise-automne-247x247.jpg 247w, https:\/\/velartrip.com\/wp-content\/uploads\/2020\/10\/housse-de-valise-automne-100x100.jpg 100w, https:\/\/velartrip.com\/wp-content\/uploads\/2020\/10\/housse-de-valise-automne-400x400.jpg 400w, https:\/\/velartrip.com\/wp-content\/uploads\/2020\/10\/housse-de-valise-automne-280x280.jpg 280w, https:\/\/velartrip.com\/wp-content\/uploads\/2020\/10\/housse-de-valise-automne-510x510.jpg 510w, https:\/\/velartrip.com\/wp-content\/uploads\/2020\/10\/housse-de-valise-automne-228x228.jpg 228w, https:\/\/velartrip.com\/wp-content\/uploads\/2020\/10\/housse-de-valise-automne-114x114.jpg 114w, https:\/\/velartrip.com\/wp-content\/uploads\/2020\/10\/housse-de-valise-automne-266x266.jpg 266w, https:\/\/velartrip.com\/wp-content\/uploads\/2020\/10\/housse-de-valise-automne-133x133.jpg 133w, https:\/\/velartrip.com\/wp-content\/uploads\/2020\/10\/housse-de-valise-automne.jpg 800w\" sizes=\"auto, (max-width: 600px) 100vw, 600px\" \/>\n\t\t\t\t\t<img loading=\"lazy\" decoding=\"async\" width=\"600\" height=\"600\" src=\"https:\/\/velartrip.com\/wp-content\/uploads\/2022\/04\/Housse-de-valise-tuto-2-768x768.jpg\" class=\"secondary-product-image attachment-woocommerce_thumbnail attachment-shop-catalog wp-post-image wp-post-image--secondary\" alt=\"Housse de valise trolley\" srcset=\"https:\/\/velartrip.com\/wp-content\/uploads\/2022\/04\/Housse-de-valise-tuto-2-768x768.jpg 768w, https:\/\/velartrip.com\/wp-content\/uploads\/2022\/04\/Housse-de-valise-tuto-2-247x247.jpg 247w, https:\/\/velartrip.com\/wp-content\/uploads\/2022\/04\/Housse-de-valise-tuto-2-100x100.jpg 100w, https:\/\/velartrip.com\/wp-content\/uploads\/2022\/04\/Housse-de-valise-tuto-2-400x400.jpg 400w, https:\/\/velartrip.com\/wp-content\/uploads\/2022\/04\/Housse-de-valise-tuto-2-280x280.jpg 280w, https:\/\/velartrip.com\/wp-content\/uploads\/2022\/04\/Housse-de-valise-tuto-2-510x510.jpg 510w, https:\/\/velartrip.com\/wp-content\/uploads\/2022\/04\/Housse-de-valise-tuto-2-228x228.jpg 228w, https:\/\/velartrip.com\/wp-content\/uploads\/2022\/04\/Housse-de-valise-tuto-2-114x114.jpg 114w, https:\/\/velartrip.com\/wp-content\/uploads\/2022\/04\/Housse-de-valise-tuto-2-182x182.jpg 182w, https:\/\/velartrip.com\/wp-content\/uploads\/2022\/04\/Housse-de-valise-tuto-2-91x91.jpg 91w, https:\/\/velartrip.com\/wp-content\/uploads\/2022\/04\/Housse-de-valise-tuto-2-320x320.jpg 320w, https:\/\/velartrip.com\/wp-content\/uploads\/2022\/04\/Housse-de-valise-tuto-2-160x160.jpg 160w, https:\/\/velartrip.com\/wp-content\/uploads\/2022\/04\/Housse-de-valise-tuto-2-266x266.jpg 266w, https:\/\/velartrip.com\/wp-content\/uploads\/2022\/04\/Housse-de-valise-tuto-2-133x133.jpg 133w, https:\/\/velartrip.com\/wp-content\/uploads\/2022\/04\/Housse-de-valise-tuto-2-212x212.jpg 212w, https:\/\/velartrip.com\/wp-content\/uploads\/2022\/04\/Housse-de-valise-tuto-2-106x106.jpg 106w, https:\/\/velartrip.com\/wp-content\/uploads\/2022\/04\/Housse-de-valise-tuto-2.jpg 800w\" sizes=\"auto, (max-width: 600px) 100vw, 600px\" \/>\n\t\t\t\t<\/a>\n\t\t\t\t<div class=\"product-details content-bg entry-content-wrap\">\n\t\t\t\t\t<a href=\"https:\/\/velartrip.com\/en\/accessoires-pour-valise\/housse-de-valise\/housse-valise-automne\/\" class=\"wc-block-grid__product-title-link\">\n\t\t\t\t\t\t<div class=\"wc-block-grid__product-title\">Housse De Valise  Automne<\/div>\n\t\t\t\t\t<\/a>\n\t\t\t\t\t\n\t\t\t\t\t<div class=\"wc-block-grid__product-price price\"><span class=\"woocommerce-Price-amount amount\" aria-hidden=\"true\">27,00<span class=\"woocommerce-Price-currencySymbol\">&euro;<\/span><\/span> <span aria-hidden=\"true\">&ndash;<\/span> <span class=\"woocommerce-Price-amount amount\" aria-hidden=\"true\">41,00<span class=\"woocommerce-Price-currencySymbol\">&euro;<\/span><\/span><span class=\"screen-reader-text\">Price range: 27,00&euro; through 41,00&euro;<\/span><\/div>\n\t\t\t\t\t\n\t\t\t\t<\/div>\n\t\t\t<\/li><li class=\"wc-block-grid__product entry loop-entry content-bg woo-archive-action-on-hover woo-archive-btn-text product-loop-unboxed woo-archive-image-hover-fade\"><a href=\"https:\/\/velartrip.com\/en\/accessoires-pour-valise\/housse-de-valise\/housse-valise-bois\/\" class=\"wc-block-grid__product-link woocommerce-loop-image-link woocommerce-LoopProduct-link woocommerce-loop-product__link product-has-hover-image\">\n\t\t\t\t\t<img loading=\"lazy\" decoding=\"async\" width=\"600\" height=\"600\" src=\"https:\/\/velartrip.com\/wp-content\/uploads\/2020\/10\/Sans-titre-35-768x768.jpg\" class=\"attachment-woocommerce_thumbnail size-woocommerce_thumbnail\" alt=\"housse de valise bois\" srcset=\"https:\/\/velartrip.com\/wp-content\/uploads\/2020\/10\/Sans-titre-35-768x768.jpg 768w, https:\/\/velartrip.com\/wp-content\/uploads\/2020\/10\/Sans-titre-35-247x247.jpg 247w, https:\/\/velartrip.com\/wp-content\/uploads\/2020\/10\/Sans-titre-35-100x100.jpg 100w, https:\/\/velartrip.com\/wp-content\/uploads\/2020\/10\/Sans-titre-35-400x400.jpg 400w, https:\/\/velartrip.com\/wp-content\/uploads\/2020\/10\/Sans-titre-35-280x280.jpg 280w, https:\/\/velartrip.com\/wp-content\/uploads\/2020\/10\/Sans-titre-35-510x510.jpg 510w, https:\/\/velartrip.com\/wp-content\/uploads\/2020\/10\/Sans-titre-35-228x228.jpg 228w, https:\/\/velartrip.com\/wp-content\/uploads\/2020\/10\/Sans-titre-35-114x114.jpg 114w, https:\/\/velartrip.com\/wp-content\/uploads\/2020\/10\/Sans-titre-35-266x266.jpg 266w, https:\/\/velartrip.com\/wp-content\/uploads\/2020\/10\/Sans-titre-35-133x133.jpg 133w, https:\/\/velartrip.com\/wp-content\/uploads\/2020\/10\/Sans-titre-35.jpg 800w\" sizes=\"auto, (max-width: 600px) 100vw, 600px\" \/>\n\t\t\t\t\t<img loading=\"lazy\" decoding=\"async\" width=\"600\" height=\"600\" src=\"https:\/\/velartrip.com\/wp-content\/uploads\/2022\/04\/Housse-de-valise-tuto-2-768x768.jpg\" class=\"secondary-product-image attachment-woocommerce_thumbnail attachment-shop-catalog wp-post-image wp-post-image--secondary\" alt=\"Housse de valise trolley\" srcset=\"https:\/\/velartrip.com\/wp-content\/uploads\/2022\/04\/Housse-de-valise-tuto-2-768x768.jpg 768w, https:\/\/velartrip.com\/wp-content\/uploads\/2022\/04\/Housse-de-valise-tuto-2-247x247.jpg 247w, https:\/\/velartrip.com\/wp-content\/uploads\/2022\/04\/Housse-de-valise-tuto-2-100x100.jpg 100w, https:\/\/velartrip.com\/wp-content\/uploads\/2022\/04\/Housse-de-valise-tuto-2-400x400.jpg 400w, https:\/\/velartrip.com\/wp-content\/uploads\/2022\/04\/Housse-de-valise-tuto-2-280x280.jpg 280w, https:\/\/velartrip.com\/wp-content\/uploads\/2022\/04\/Housse-de-valise-tuto-2-510x510.jpg 510w, https:\/\/velartrip.com\/wp-content\/uploads\/2022\/04\/Housse-de-valise-tuto-2-228x228.jpg 228w, https:\/\/velartrip.com\/wp-content\/uploads\/2022\/04\/Housse-de-valise-tuto-2-114x114.jpg 114w, https:\/\/velartrip.com\/wp-content\/uploads\/2022\/04\/Housse-de-valise-tuto-2-182x182.jpg 182w, https:\/\/velartrip.com\/wp-content\/uploads\/2022\/04\/Housse-de-valise-tuto-2-91x91.jpg 91w, https:\/\/velartrip.com\/wp-content\/uploads\/2022\/04\/Housse-de-valise-tuto-2-320x320.jpg 320w, https:\/\/velartrip.com\/wp-content\/uploads\/2022\/04\/Housse-de-valise-tuto-2-160x160.jpg 160w, https:\/\/velartrip.com\/wp-content\/uploads\/2022\/04\/Housse-de-valise-tuto-2-266x266.jpg 266w, https:\/\/velartrip.com\/wp-content\/uploads\/2022\/04\/Housse-de-valise-tuto-2-133x133.jpg 133w, https:\/\/velartrip.com\/wp-content\/uploads\/2022\/04\/Housse-de-valise-tuto-2-212x212.jpg 212w, https:\/\/velartrip.com\/wp-content\/uploads\/2022\/04\/Housse-de-valise-tuto-2-106x106.jpg 106w, https:\/\/velartrip.com\/wp-content\/uploads\/2022\/04\/Housse-de-valise-tuto-2.jpg 800w\" sizes=\"auto, (max-width: 600px) 100vw, 600px\" \/>\n\t\t\t\t<\/a>\n\t\t\t\t<div class=\"product-details content-bg entry-content-wrap\">\n\t\t\t\t\t<a href=\"https:\/\/velartrip.com\/en\/accessoires-pour-valise\/housse-de-valise\/housse-valise-bois\/\" class=\"wc-block-grid__product-title-link\">\n\t\t\t\t\t\t<div class=\"wc-block-grid__product-title\">Housse De Valise  Bois<\/div>\n\t\t\t\t\t<\/a>\n\t\t\t\t\t\n\t\t\t\t\t<div class=\"wc-block-grid__product-price price\"><span class=\"woocommerce-Price-amount amount\" aria-hidden=\"true\">27,00<span class=\"woocommerce-Price-currencySymbol\">&euro;<\/span><\/span> <span aria-hidden=\"true\">&ndash;<\/span> <span class=\"woocommerce-Price-amount amount\" aria-hidden=\"true\">41,00<span class=\"woocommerce-Price-currencySymbol\">&euro;<\/span><\/span><span class=\"screen-reader-text\">Price range: 27,00&euro; through 41,00&euro;<\/span><\/div>\n\t\t\t\t\t\n\t\t\t\t<\/div>\n\t\t\t<\/li><li class=\"wc-block-grid__product entry loop-entry content-bg woo-archive-action-on-hover woo-archive-btn-text product-loop-unboxed woo-archive-image-hover-fade\"><a href=\"https:\/\/velartrip.com\/en\/accessoires-pour-valise\/housse-de-valise\/housse-valise-cameleon\/\" class=\"wc-block-grid__product-link woocommerce-loop-image-link woocommerce-LoopProduct-link woocommerce-loop-product__link product-has-hover-image\">\n\t\t\t\t\t<img loading=\"lazy\" decoding=\"async\" width=\"600\" height=\"600\" src=\"https:\/\/velartrip.com\/wp-content\/uploads\/2020\/07\/housse-de-valise-came\u0301le\u0301on-768x768.jpg\" class=\"attachment-woocommerce_thumbnail size-woocommerce_thumbnail\" alt=\"housse de valise came\u0301le\u0301on\" srcset=\"https:\/\/velartrip.com\/wp-content\/uploads\/2020\/07\/housse-de-valise-came\u0301le\u0301on-768x768.jpg 768w, https:\/\/velartrip.com\/wp-content\/uploads\/2020\/07\/housse-de-valise-came\u0301le\u0301on-247x247.jpg 247w, https:\/\/velartrip.com\/wp-content\/uploads\/2020\/07\/housse-de-valise-came\u0301le\u0301on-100x100.jpg 100w, https:\/\/velartrip.com\/wp-content\/uploads\/2020\/07\/housse-de-valise-came\u0301le\u0301on-400x400.jpg 400w, https:\/\/velartrip.com\/wp-content\/uploads\/2020\/07\/housse-de-valise-came\u0301le\u0301on-280x280.jpg 280w, https:\/\/velartrip.com\/wp-content\/uploads\/2020\/07\/housse-de-valise-came\u0301le\u0301on-510x510.jpg 510w, https:\/\/velartrip.com\/wp-content\/uploads\/2020\/07\/housse-de-valise-came\u0301le\u0301on-228x228.jpg 228w, https:\/\/velartrip.com\/wp-content\/uploads\/2020\/07\/housse-de-valise-came\u0301le\u0301on-114x114.jpg 114w, https:\/\/velartrip.com\/wp-content\/uploads\/2020\/07\/housse-de-valise-came\u0301le\u0301on-266x266.jpg 266w, https:\/\/velartrip.com\/wp-content\/uploads\/2020\/07\/housse-de-valise-came\u0301le\u0301on-133x133.jpg 133w, https:\/\/velartrip.com\/wp-content\/uploads\/2020\/07\/housse-de-valise-came\u0301le\u0301on.jpg 800w\" sizes=\"auto, (max-width: 600px) 100vw, 600px\" \/>\n\t\t\t\t\t<img loading=\"lazy\" decoding=\"async\" width=\"600\" height=\"600\" src=\"https:\/\/velartrip.com\/wp-content\/uploads\/2022\/04\/housse-de-valise-extensible-bleu-velartrip-18843860041885-768x768.jpg\" class=\"secondary-product-image attachment-woocommerce_thumbnail attachment-shop-catalog wp-post-image wp-post-image--secondary\" alt=\"housse-de-valise-extensible-bleu-velartrip-18843860041885\" srcset=\"https:\/\/velartrip.com\/wp-content\/uploads\/2022\/04\/housse-de-valise-extensible-bleu-velartrip-18843860041885-768x768.jpg 768w, https:\/\/velartrip.com\/wp-content\/uploads\/2022\/04\/housse-de-valise-extensible-bleu-velartrip-18843860041885-247x247.jpg 247w, https:\/\/velartrip.com\/wp-content\/uploads\/2022\/04\/housse-de-valise-extensible-bleu-velartrip-18843860041885-100x100.jpg 100w, https:\/\/velartrip.com\/wp-content\/uploads\/2022\/04\/housse-de-valise-extensible-bleu-velartrip-18843860041885-400x400.jpg 400w, https:\/\/velartrip.com\/wp-content\/uploads\/2022\/04\/housse-de-valise-extensible-bleu-velartrip-18843860041885-280x280.jpg 280w, https:\/\/velartrip.com\/wp-content\/uploads\/2022\/04\/housse-de-valise-extensible-bleu-velartrip-18843860041885-510x510.jpg 510w, https:\/\/velartrip.com\/wp-content\/uploads\/2022\/04\/housse-de-valise-extensible-bleu-velartrip-18843860041885-228x228.jpg 228w, https:\/\/velartrip.com\/wp-content\/uploads\/2022\/04\/housse-de-valise-extensible-bleu-velartrip-18843860041885-114x114.jpg 114w, https:\/\/velartrip.com\/wp-content\/uploads\/2022\/04\/housse-de-valise-extensible-bleu-velartrip-18843860041885-182x182.jpg 182w, https:\/\/velartrip.com\/wp-content\/uploads\/2022\/04\/housse-de-valise-extensible-bleu-velartrip-18843860041885-91x91.jpg 91w, https:\/\/velartrip.com\/wp-content\/uploads\/2022\/04\/housse-de-valise-extensible-bleu-velartrip-18843860041885-320x320.jpg 320w, https:\/\/velartrip.com\/wp-content\/uploads\/2022\/04\/housse-de-valise-extensible-bleu-velartrip-18843860041885-160x160.jpg 160w, https:\/\/velartrip.com\/wp-content\/uploads\/2022\/04\/housse-de-valise-extensible-bleu-velartrip-18843860041885-266x266.jpg 266w, https:\/\/velartrip.com\/wp-content\/uploads\/2022\/04\/housse-de-valise-extensible-bleu-velartrip-18843860041885-133x133.jpg 133w, https:\/\/velartrip.com\/wp-content\/uploads\/2022\/04\/housse-de-valise-extensible-bleu-velartrip-18843860041885-212x212.jpg 212w, https:\/\/velartrip.com\/wp-content\/uploads\/2022\/04\/housse-de-valise-extensible-bleu-velartrip-18843860041885-106x106.jpg 106w, https:\/\/velartrip.com\/wp-content\/uploads\/2022\/04\/housse-de-valise-extensible-bleu-velartrip-18843860041885-256x256.jpg 256w, https:\/\/velartrip.com\/wp-content\/uploads\/2022\/04\/housse-de-valise-extensible-bleu-velartrip-18843860041885-128x128.jpg 128w, https:\/\/velartrip.com\/wp-content\/uploads\/2022\/04\/housse-de-valise-extensible-bleu-velartrip-18843860041885-220x220.jpg 220w, https:\/\/velartrip.com\/wp-content\/uploads\/2022\/04\/housse-de-valise-extensible-bleu-velartrip-18843860041885-110x110.jpg 110w, https:\/\/velartrip.com\/wp-content\/uploads\/2022\/04\/housse-de-valise-extensible-bleu-velartrip-18843860041885.jpg 800w\" sizes=\"auto, (max-width: 600px) 100vw, 600px\" \/>\n\t\t\t\t<\/a>\n\t\t\t\t<div class=\"product-details content-bg entry-content-wrap\">\n\t\t\t\t\t<a href=\"https:\/\/velartrip.com\/en\/accessoires-pour-valise\/housse-de-valise\/housse-valise-cameleon\/\" class=\"wc-block-grid__product-title-link\">\n\t\t\t\t\t\t<div class=\"wc-block-grid__product-title\">Housse De Valise  Cameleon<\/div>\n\t\t\t\t\t<\/a>\n\t\t\t\t\t\n\t\t\t\t\t<div class=\"wc-block-grid__product-price price\"><span class=\"woocommerce-Price-amount amount\" aria-hidden=\"true\">27,00<span class=\"woocommerce-Price-currencySymbol\">&euro;<\/span><\/span> <span aria-hidden=\"true\">&ndash;<\/span> <span class=\"woocommerce-Price-amount amount\" aria-hidden=\"true\">41,00<span class=\"woocommerce-Price-currencySymbol\">&euro;<\/span><\/span><span class=\"screen-reader-text\">Price range: 27,00&euro; through 41,00&euro;<\/span><\/div>\n\t\t\t\t\t\n\t\t\t\t<\/div>\n\t\t\t<\/li><li class=\"wc-block-grid__product entry loop-entry content-bg woo-archive-action-on-hover woo-archive-btn-text product-loop-unboxed woo-archive-image-hover-fade\"><a href=\"https:\/\/velartrip.com\/en\/accessoires-pour-valise\/housse-de-valise\/housse-valise-champ\/\" class=\"wc-block-grid__product-link woocommerce-loop-image-link woocommerce-LoopProduct-link woocommerce-loop-product__link product-has-hover-image\">\n\t\t\t\t\t<img loading=\"lazy\" decoding=\"async\" width=\"600\" height=\"600\" src=\"https:\/\/velartrip.com\/wp-content\/uploads\/2020\/05\/Housse-de-valise-champs-768x768.jpg\" class=\"attachment-woocommerce_thumbnail size-woocommerce_thumbnail\" alt=\"Housse de valise champs\" srcset=\"https:\/\/velartrip.com\/wp-content\/uploads\/2020\/05\/Housse-de-valise-champs-768x768.jpg 768w, https:\/\/velartrip.com\/wp-content\/uploads\/2020\/05\/Housse-de-valise-champs-247x247.jpg 247w, https:\/\/velartrip.com\/wp-content\/uploads\/2020\/05\/Housse-de-valise-champs-100x100.jpg 100w, https:\/\/velartrip.com\/wp-content\/uploads\/2020\/05\/Housse-de-valise-champs-400x400.jpg 400w, https:\/\/velartrip.com\/wp-content\/uploads\/2020\/05\/Housse-de-valise-champs-280x280.jpg 280w, https:\/\/velartrip.com\/wp-content\/uploads\/2020\/05\/Housse-de-valise-champs-510x510.jpg 510w, https:\/\/velartrip.com\/wp-content\/uploads\/2020\/05\/Housse-de-valise-champs-228x228.jpg 228w, https:\/\/velartrip.com\/wp-content\/uploads\/2020\/05\/Housse-de-valise-champs-114x114.jpg 114w, https:\/\/velartrip.com\/wp-content\/uploads\/2020\/05\/Housse-de-valise-champs-266x266.jpg 266w, https:\/\/velartrip.com\/wp-content\/uploads\/2020\/05\/Housse-de-valise-champs-133x133.jpg 133w, https:\/\/velartrip.com\/wp-content\/uploads\/2020\/05\/Housse-de-valise-champs.jpg 800w\" sizes=\"auto, (max-width: 600px) 100vw, 600px\" \/>\n\t\t\t\t\t<img loading=\"lazy\" decoding=\"async\" width=\"600\" height=\"600\" src=\"https:\/\/velartrip.com\/wp-content\/uploads\/2022\/04\/Housse-de-valise-tuto-2-768x768.jpg\" class=\"secondary-product-image attachment-woocommerce_thumbnail attachment-shop-catalog wp-post-image wp-post-image--secondary\" alt=\"Housse de valise trolley\" srcset=\"https:\/\/velartrip.com\/wp-content\/uploads\/2022\/04\/Housse-de-valise-tuto-2-768x768.jpg 768w, https:\/\/velartrip.com\/wp-content\/uploads\/2022\/04\/Housse-de-valise-tuto-2-247x247.jpg 247w, https:\/\/velartrip.com\/wp-content\/uploads\/2022\/04\/Housse-de-valise-tuto-2-100x100.jpg 100w, https:\/\/velartrip.com\/wp-content\/uploads\/2022\/04\/Housse-de-valise-tuto-2-400x400.jpg 400w, https:\/\/velartrip.com\/wp-content\/uploads\/2022\/04\/Housse-de-valise-tuto-2-280x280.jpg 280w, https:\/\/velartrip.com\/wp-content\/uploads\/2022\/04\/Housse-de-valise-tuto-2-510x510.jpg 510w, https:\/\/velartrip.com\/wp-content\/uploads\/2022\/04\/Housse-de-valise-tuto-2-228x228.jpg 228w, https:\/\/velartrip.com\/wp-content\/uploads\/2022\/04\/Housse-de-valise-tuto-2-114x114.jpg 114w, https:\/\/velartrip.com\/wp-content\/uploads\/2022\/04\/Housse-de-valise-tuto-2-182x182.jpg 182w, https:\/\/velartrip.com\/wp-content\/uploads\/2022\/04\/Housse-de-valise-tuto-2-91x91.jpg 91w, https:\/\/velartrip.com\/wp-content\/uploads\/2022\/04\/Housse-de-valise-tuto-2-320x320.jpg 320w, https:\/\/velartrip.com\/wp-content\/uploads\/2022\/04\/Housse-de-valise-tuto-2-160x160.jpg 160w, https:\/\/velartrip.com\/wp-content\/uploads\/2022\/04\/Housse-de-valise-tuto-2-266x266.jpg 266w, https:\/\/velartrip.com\/wp-content\/uploads\/2022\/04\/Housse-de-valise-tuto-2-133x133.jpg 133w, https:\/\/velartrip.com\/wp-content\/uploads\/2022\/04\/Housse-de-valise-tuto-2-212x212.jpg 212w, https:\/\/velartrip.com\/wp-content\/uploads\/2022\/04\/Housse-de-valise-tuto-2-106x106.jpg 106w, https:\/\/velartrip.com\/wp-content\/uploads\/2022\/04\/Housse-de-valise-tuto-2.jpg 800w\" sizes=\"auto, (max-width: 600px) 100vw, 600px\" \/>\n\t\t\t\t<\/a>\n\t\t\t\t<div class=\"product-details content-bg entry-content-wrap\">\n\t\t\t\t\t<a href=\"https:\/\/velartrip.com\/en\/accessoires-pour-valise\/housse-de-valise\/housse-valise-champ\/\" class=\"wc-block-grid__product-title-link\">\n\t\t\t\t\t\t<div class=\"wc-block-grid__product-title\">Housse De Valise  Champ<\/div>\n\t\t\t\t\t<\/a>\n\t\t\t\t\t\n\t\t\t\t\t<div class=\"wc-block-grid__product-price price\"><span class=\"woocommerce-Price-amount amount\" aria-hidden=\"true\">27,00<span class=\"woocommerce-Price-currencySymbol\">&euro;<\/span><\/span> <span aria-hidden=\"true\">&ndash;<\/span> <span class=\"woocommerce-Price-amount amount\" aria-hidden=\"true\">41,00<span class=\"woocommerce-Price-currencySymbol\">&euro;<\/span><\/span><span class=\"screen-reader-text\">Price range: 27,00&euro; through 41,00&euro;<\/span><\/div>\n\t\t\t\t\t\n\t\t\t\t<\/div>\n\t\t\t<\/li><li class=\"wc-block-grid__product entry loop-entry content-bg woo-archive-action-on-hover woo-archive-btn-text product-loop-unboxed woo-archive-image-hover-fade\"><a href=\"https:\/\/velartrip.com\/en\/accessoires-pour-valise\/housse-de-valise\/housse-valise-chat\/\" class=\"wc-block-grid__product-link woocommerce-loop-image-link woocommerce-LoopProduct-link woocommerce-loop-product__link product-has-hover-image\">\n\t\t\t\t\t<img loading=\"lazy\" decoding=\"async\" width=\"600\" height=\"600\" src=\"https:\/\/velartrip.com\/wp-content\/uploads\/2022\/04\/housse-de-valise-chat-hippie-768x768.jpg\" class=\"attachment-woocommerce_thumbnail size-woocommerce_thumbnail\" alt=\"housse de valise chat hippie\" srcset=\"https:\/\/velartrip.com\/wp-content\/uploads\/2022\/04\/housse-de-valise-chat-hippie-768x768.jpg 768w, https:\/\/velartrip.com\/wp-content\/uploads\/2022\/04\/housse-de-valise-chat-hippie-247x247.jpg 247w, https:\/\/velartrip.com\/wp-content\/uploads\/2022\/04\/housse-de-valise-chat-hippie-100x100.jpg 100w, https:\/\/velartrip.com\/wp-content\/uploads\/2022\/04\/housse-de-valise-chat-hippie-400x400.jpg 400w, https:\/\/velartrip.com\/wp-content\/uploads\/2022\/04\/housse-de-valise-chat-hippie-280x280.jpg 280w, https:\/\/velartrip.com\/wp-content\/uploads\/2022\/04\/housse-de-valise-chat-hippie-510x510.jpg 510w, https:\/\/velartrip.com\/wp-content\/uploads\/2022\/04\/housse-de-valise-chat-hippie-228x228.jpg 228w, https:\/\/velartrip.com\/wp-content\/uploads\/2022\/04\/housse-de-valise-chat-hippie-114x114.jpg 114w, https:\/\/velartrip.com\/wp-content\/uploads\/2022\/04\/housse-de-valise-chat-hippie-266x266.jpg 266w, https:\/\/velartrip.com\/wp-content\/uploads\/2022\/04\/housse-de-valise-chat-hippie-133x133.jpg 133w, https:\/\/velartrip.com\/wp-content\/uploads\/2022\/04\/housse-de-valise-chat-hippie.jpg 800w\" sizes=\"auto, (max-width: 600px) 100vw, 600px\" \/>\n\t\t\t\t\t<img loading=\"lazy\" decoding=\"async\" width=\"600\" height=\"600\" src=\"https:\/\/velartrip.com\/wp-content\/uploads\/2022\/02\/poigne\u0301es-gauche-768x768.jpg\" class=\"secondary-product-image attachment-woocommerce_thumbnail attachment-shop-catalog wp-post-image wp-post-image--secondary\" alt=\"poigne\u0301es gauche\" srcset=\"https:\/\/velartrip.com\/wp-content\/uploads\/2022\/02\/poigne\u0301es-gauche-768x768.jpg 768w, https:\/\/velartrip.com\/wp-content\/uploads\/2022\/02\/poigne\u0301es-gauche-247x247.jpg 247w, https:\/\/velartrip.com\/wp-content\/uploads\/2022\/02\/poigne\u0301es-gauche-100x100.jpg 100w, https:\/\/velartrip.com\/wp-content\/uploads\/2022\/02\/poigne\u0301es-gauche-400x400.jpg 400w, https:\/\/velartrip.com\/wp-content\/uploads\/2022\/02\/poigne\u0301es-gauche-280x280.jpg 280w, https:\/\/velartrip.com\/wp-content\/uploads\/2022\/02\/poigne\u0301es-gauche-510x510.jpg 510w, https:\/\/velartrip.com\/wp-content\/uploads\/2022\/02\/poigne\u0301es-gauche-228x228.jpg 228w, https:\/\/velartrip.com\/wp-content\/uploads\/2022\/02\/poigne\u0301es-gauche-114x114.jpg 114w, https:\/\/velartrip.com\/wp-content\/uploads\/2022\/02\/poigne\u0301es-gauche-182x182.jpg 182w, https:\/\/velartrip.com\/wp-content\/uploads\/2022\/02\/poigne\u0301es-gauche-91x91.jpg 91w, https:\/\/velartrip.com\/wp-content\/uploads\/2022\/02\/poigne\u0301es-gauche-266x266.jpg 266w, https:\/\/velartrip.com\/wp-content\/uploads\/2022\/02\/poigne\u0301es-gauche-133x133.jpg 133w, https:\/\/velartrip.com\/wp-content\/uploads\/2022\/02\/poigne\u0301es-gauche-212x212.jpg 212w, https:\/\/velartrip.com\/wp-content\/uploads\/2022\/02\/poigne\u0301es-gauche-106x106.jpg 106w, https:\/\/velartrip.com\/wp-content\/uploads\/2022\/02\/poigne\u0301es-gauche.jpg 800w\" sizes=\"auto, (max-width: 600px) 100vw, 600px\" \/>\n\t\t\t\t<\/a>\n\t\t\t\t<div class=\"product-details content-bg entry-content-wrap\">\n\t\t\t\t\t<a href=\"https:\/\/velartrip.com\/en\/accessoires-pour-valise\/housse-de-valise\/housse-valise-chat\/\" class=\"wc-block-grid__product-title-link\">\n\t\t\t\t\t\t<div class=\"wc-block-grid__product-title\">Housse De Valise  Chat Hippie<\/div>\n\t\t\t\t\t<\/a>\n\t\t\t\t\t\n\t\t\t\t\t<div class=\"wc-block-grid__product-price price\"><span class=\"woocommerce-Price-amount amount\" aria-hidden=\"true\">27,00<span class=\"woocommerce-Price-currencySymbol\">&euro;<\/span><\/span> <span aria-hidden=\"true\">&ndash;<\/span> <span class=\"woocommerce-Price-amount amount\" aria-hidden=\"true\">41,00<span class=\"woocommerce-Price-currencySymbol\">&euro;<\/span><\/span><span class=\"screen-reader-text\">Price range: 27,00&euro; through 41,00&euro;<\/span><\/div>\n\t\t\t\t\t\n\t\t\t\t<\/div>\n\t\t\t<\/li><li class=\"wc-block-grid__product entry loop-entry content-bg woo-archive-action-on-hover woo-archive-btn-text product-loop-unboxed woo-archive-image-hover-fade\"><a href=\"https:\/\/velartrip.com\/en\/accessoires-pour-valise\/housse-de-valise\/housse-valise-city\/\" class=\"wc-block-grid__product-link woocommerce-loop-image-link woocommerce-LoopProduct-link woocommerce-loop-product__link product-has-hover-image\">\n\t\t\t\t\t<img loading=\"lazy\" decoding=\"async\" width=\"600\" height=\"600\" src=\"https:\/\/velartrip.com\/wp-content\/uploads\/2020\/04\/housse-de-valise-city-768x768.jpg\" class=\"attachment-woocommerce_thumbnail size-woocommerce_thumbnail\" alt=\"housse de valise city\" srcset=\"https:\/\/velartrip.com\/wp-content\/uploads\/2020\/04\/housse-de-valise-city-768x768.jpg 768w, https:\/\/velartrip.com\/wp-content\/uploads\/2020\/04\/housse-de-valise-city-247x247.jpg 247w, https:\/\/velartrip.com\/wp-content\/uploads\/2020\/04\/housse-de-valise-city-100x100.jpg 100w, https:\/\/velartrip.com\/wp-content\/uploads\/2020\/04\/housse-de-valise-city-400x400.jpg 400w, https:\/\/velartrip.com\/wp-content\/uploads\/2020\/04\/housse-de-valise-city-280x280.jpg 280w, https:\/\/velartrip.com\/wp-content\/uploads\/2020\/04\/housse-de-valise-city-510x510.jpg 510w, https:\/\/velartrip.com\/wp-content\/uploads\/2020\/04\/housse-de-valise-city-228x228.jpg 228w, https:\/\/velartrip.com\/wp-content\/uploads\/2020\/04\/housse-de-valise-city-114x114.jpg 114w, https:\/\/velartrip.com\/wp-content\/uploads\/2020\/04\/housse-de-valise-city-266x266.jpg 266w, https:\/\/velartrip.com\/wp-content\/uploads\/2020\/04\/housse-de-valise-city-133x133.jpg 133w, https:\/\/velartrip.com\/wp-content\/uploads\/2020\/04\/housse-de-valise-city.jpg 800w\" sizes=\"auto, (max-width: 600px) 100vw, 600px\" \/>\n\t\t\t\t\t<img loading=\"lazy\" decoding=\"async\" width=\"600\" height=\"600\" src=\"https:\/\/velartrip.com\/wp-content\/uploads\/2022\/04\/housse-de-valise-extensible-bleu-velartrip-18843860041885-768x768.jpg\" class=\"secondary-product-image attachment-woocommerce_thumbnail attachment-shop-catalog wp-post-image wp-post-image--secondary\" alt=\"housse-de-valise-extensible-bleu-velartrip-18843860041885\" srcset=\"https:\/\/velartrip.com\/wp-content\/uploads\/2022\/04\/housse-de-valise-extensible-bleu-velartrip-18843860041885-768x768.jpg 768w, https:\/\/velartrip.com\/wp-content\/uploads\/2022\/04\/housse-de-valise-extensible-bleu-velartrip-18843860041885-247x247.jpg 247w, https:\/\/velartrip.com\/wp-content\/uploads\/2022\/04\/housse-de-valise-extensible-bleu-velartrip-18843860041885-100x100.jpg 100w, https:\/\/velartrip.com\/wp-content\/uploads\/2022\/04\/housse-de-valise-extensible-bleu-velartrip-18843860041885-400x400.jpg 400w, https:\/\/velartrip.com\/wp-content\/uploads\/2022\/04\/housse-de-valise-extensible-bleu-velartrip-18843860041885-280x280.jpg 280w, https:\/\/velartrip.com\/wp-content\/uploads\/2022\/04\/housse-de-valise-extensible-bleu-velartrip-18843860041885-510x510.jpg 510w, https:\/\/velartrip.com\/wp-content\/uploads\/2022\/04\/housse-de-valise-extensible-bleu-velartrip-18843860041885-228x228.jpg 228w, https:\/\/velartrip.com\/wp-content\/uploads\/2022\/04\/housse-de-valise-extensible-bleu-velartrip-18843860041885-114x114.jpg 114w, https:\/\/velartrip.com\/wp-content\/uploads\/2022\/04\/housse-de-valise-extensible-bleu-velartrip-18843860041885-182x182.jpg 182w, https:\/\/velartrip.com\/wp-content\/uploads\/2022\/04\/housse-de-valise-extensible-bleu-velartrip-18843860041885-91x91.jpg 91w, https:\/\/velartrip.com\/wp-content\/uploads\/2022\/04\/housse-de-valise-extensible-bleu-velartrip-18843860041885-320x320.jpg 320w, https:\/\/velartrip.com\/wp-content\/uploads\/2022\/04\/housse-de-valise-extensible-bleu-velartrip-18843860041885-160x160.jpg 160w, https:\/\/velartrip.com\/wp-content\/uploads\/2022\/04\/housse-de-valise-extensible-bleu-velartrip-18843860041885-266x266.jpg 266w, https:\/\/velartrip.com\/wp-content\/uploads\/2022\/04\/housse-de-valise-extensible-bleu-velartrip-18843860041885-133x133.jpg 133w, https:\/\/velartrip.com\/wp-content\/uploads\/2022\/04\/housse-de-valise-extensible-bleu-velartrip-18843860041885-212x212.jpg 212w, https:\/\/velartrip.com\/wp-content\/uploads\/2022\/04\/housse-de-valise-extensible-bleu-velartrip-18843860041885-106x106.jpg 106w, https:\/\/velartrip.com\/wp-content\/uploads\/2022\/04\/housse-de-valise-extensible-bleu-velartrip-18843860041885-256x256.jpg 256w, https:\/\/velartrip.com\/wp-content\/uploads\/2022\/04\/housse-de-valise-extensible-bleu-velartrip-18843860041885-128x128.jpg 128w, https:\/\/velartrip.com\/wp-content\/uploads\/2022\/04\/housse-de-valise-extensible-bleu-velartrip-18843860041885-220x220.jpg 220w, https:\/\/velartrip.com\/wp-content\/uploads\/2022\/04\/housse-de-valise-extensible-bleu-velartrip-18843860041885-110x110.jpg 110w, https:\/\/velartrip.com\/wp-content\/uploads\/2022\/04\/housse-de-valise-extensible-bleu-velartrip-18843860041885.jpg 800w\" sizes=\"auto, (max-width: 600px) 100vw, 600px\" \/>\n\t\t\t\t<\/a>\n\t\t\t\t<div class=\"product-details content-bg entry-content-wrap\">\n\t\t\t\t\t<a href=\"https:\/\/velartrip.com\/en\/accessoires-pour-valise\/housse-de-valise\/housse-valise-city\/\" class=\"wc-block-grid__product-title-link\">\n\t\t\t\t\t\t<div class=\"wc-block-grid__product-title\">Housse De Valise  City<\/div>\n\t\t\t\t\t<\/a>\n\t\t\t\t\t\n\t\t\t\t\t<div class=\"wc-block-grid__product-price price\"><span class=\"woocommerce-Price-amount amount\" aria-hidden=\"true\">27,00<span class=\"woocommerce-Price-currencySymbol\">&euro;<\/span><\/span> <span aria-hidden=\"true\">&ndash;<\/span> <span class=\"woocommerce-Price-amount amount\" aria-hidden=\"true\">41,00<span class=\"woocommerce-Price-currencySymbol\">&euro;<\/span><\/span><span class=\"screen-reader-text\">Price range: 27,00&euro; through 41,00&euro;<\/span><\/div>\n\t\t\t\t\t\n\t\t\t\t<\/div>\n\t\t\t<\/li><\/ul><\/div>\n\n\n<div class=\"wp-block-buttons is-horizontal is-content-justification-center is-layout-flex wp-container-core-buttons-is-layout-499968f5 wp-block-buttons-is-layout-flex\">\n<div class=\"wp-block-button\"><a class=\"wp-block-button__link has-luminous-vivid-amber-to-luminous-vivid-orange-gradient-background has-background wp-element-button\" href=\"https:\/\/velartrip.com\/housse-valise\/\">D\u00c9COUVRIR PLUS DE HOUSSES DE VALISE \u2708\ufe0f<\/a><\/div>\n<\/div>\n","protected":false},"excerpt":{"rendered":"<p>Even though the chances of your luggage being lost or delayed are less than one percent, it happens to people every day. It could certainly happen to you. Two years ago, Thomas&#039;s suitcase was delayed during a two-week trip to Thailand. Luckily, it happened on\u2026<\/p>","protected":false},"author":1,"featured_media":12906,"comment_status":"closed","ping_status":"open","sticky":false,"template":"","format":"standard","meta":{"_kad_blocks_custom_css":"","_kad_blocks_head_custom_js":"","_kad_blocks_body_custom_js":"","_kad_blocks_footer_custom_js":"","_kad_post_transparent":"","_kad_post_title":"","_kad_post_layout":"","_kad_post_sidebar_id":"","_kad_post_content_style":"","_kad_post_vertical_padding":"","_kad_post_feature":"","_kad_post_feature_position":"","_kad_post_header":false,"_kad_post_footer":false,"_kad_post_classname":"","footnotes":""},"categories":[641],"tags":[],"class_list":["post-10948","post","type-post","status-publish","format-standard","has-post-thumbnail","hentry","category-travel-blog"],"taxonomy_info":{"category":[{"value":641,"label":"Travel Blog"}]},"featured_image_src_large":["https:\/\/velartrip.com\/wp-content\/uploads\/2021\/08\/10.jpg",1000,500,false],"author_info":{"display_name":"VelarTrip","author_link":"https:\/\/velartrip.com\/en\/author\/velartrip\/"},"comment_info":0,"category_info":[{"term_id":641,"name":"Travel Blog","slug":"travel-blog","term_group":0,"term_taxonomy_id":636,"taxonomy":"category","description":"","parent":0,"count":19,"filter":"raw","cat_ID":641,"category_count":19,"category_description":"","cat_name":"Travel Blog","category_nicename":"travel-blog","category_parent":0}],"tag_info":false,"_links":{"self":[{"href":"https:\/\/velartrip.com\/en\/wp-json\/wp\/v2\/posts\/10948","targetHints":{"allow":["GET"]}}],"collection":[{"href":"https:\/\/velartrip.com\/en\/wp-json\/wp\/v2\/posts"}],"about":[{"href":"https:\/\/velartrip.com\/en\/wp-json\/wp\/v2\/types\/post"}],"author":[{"embeddable":true,"href":"https:\/\/velartrip.com\/en\/wp-json\/wp\/v2\/users\/1"}],"replies":[{"embeddable":true,"href":"https:\/\/velartrip.com\/en\/wp-json\/wp\/v2\/comments?post=10948"}],"version-history":[{"count":4,"href":"https:\/\/velartrip.com\/en\/wp-json\/wp\/v2\/posts\/10948\/revisions"}],"predecessor-version":[{"id":16898,"href":"https:\/\/velartrip.com\/en\/wp-json\/wp\/v2\/posts\/10948\/revisions\/16898"}],"wp:featuredmedia":[{"embeddable":true,"href":"https:\/\/velartrip.com\/en\/wp-json\/wp\/v2\/media\/12906"}],"wp:attachment":[{"href":"https:\/\/velartrip.com\/en\/wp-json\/wp\/v2\/media?parent=10948"}],"wp:term":[{"taxonomy":"category","embeddable":true,"href":"https:\/\/velartrip.com\/en\/wp-json\/wp\/v2\/categories?post=10948"},{"taxonomy":"post_tag","embeddable":true,"href":"https:\/\/velartrip.com\/en\/wp-json\/wp\/v2\/tags?post=10948"}],"curies":[{"name":"wp","href":"https:\/\/api.w.org\/{rel}","templated":true}]}}