{"id":9013,"date":"2021-04-24T04:39:32","date_gmt":"2021-04-24T04:39:32","guid":{"rendered":"https:\/\/velartrip.com\/?p=9013"},"modified":"2025-05-30T23:40:53","modified_gmt":"2025-05-30T21:40:53","slug":"ou-trouver-etiquettes-bagages","status":"publish","type":"post","link":"https:\/\/velartrip.com\/en\/ou-trouver-etiquettes-bagages\/","title":{"rendered":"Where to find the best luggage tags?"},"content":{"rendered":"\n<p>Vous partez prochainement en voyage, mais vous n\u2019avez pas d\u2019\u00e9tiquettes pour vos bagages ? Vous aimeriez trouver les lieux officiels pour vous procurer des \u00e9tiquettes ?<\/p>\n\n\n\n<p>Les <strong>\u00e9tiquettes pour bagages sont indispensables<\/strong> pour vos voyages. En avion ou en train, elles sont devenues obligatoires depuis les attentats du 11 septembre 2001. Leurs buts premiers sont de <a href=\"https:\/\/velartrip.com\/comment-identifier-valise\/\" target=\"_blank\" rel=\"noreferrer noopener\">faciliter l\u2019identification de ses valises<\/a> en cas d\u2019oubli ou de perte afin d\u2019<strong>\u00e9viter la destruction de celles-ci<\/strong> par les services de s\u00e9curit\u00e9\u2026<\/p>\n\n\n\n<p>Si vous n\u2019en avez pas encore une, pas de panique !<\/p>\n\n\n\n<p>Nous sommes sp\u00e9cialis\u00e9s par ce sujet et nous allons vous accompagner pour choisir l\u2019\u00e9tiquette qui vous correspond.<\/p>\n\n\n\n<p><strong>Si vous cherchez une \u00e9tiquette pour bagage, voici les 3 endroits \u00e0 privil\u00e9gier :<\/strong><\/p>\n\n\n\n<ul class=\"wp-block-list\"><li><strong>Aux guichets des a\u00e9roports et des gares.<\/strong><\/li><li><strong>Sur des sites internet d\u2019accessoires de voyage sp\u00e9cialis\u00e9s.<\/strong><\/li><\/ul>\n\n\n\n<p>Dans cet article, vous d\u00e9couvrirez :<\/p>\n\n\n\n<p>Quels sont les diff\u00e9rents types d\u2019\u00e9tiquettes pour vos valises ?<\/p>\n\n\n\n<p>Quels sont les lieux pour vous procurer des \u00e9tiquettes pour bagages ?<\/p>\n\n\n\n<p>Quelles sont les informations importantes \u00e0 mettre sur une \u00e9tiquette de bagage ?<\/p>\n\n\n\n<p>Apr\u00e8s cela, vous serez fin pr\u00eats pour partir \u00e0 l\u2019aventure en toute s\u00e9curit\u00e9 !<\/p>\n\n\n\n<h2 class=\"wp-block-heading\">Quels sont les diff\u00e9rents types d\u2019\u00e9tiquettes pour bagage ?<\/h2>\n\n\n\n<p>Avant d&rsquo;entrer dans le vif du sujet et de voir quels sont les lieux pour se procurer une \u00e9tiquette pour bagage, il est important de poser les bases afin de comprendre de quelle \u00e9tiquette vous aurez besoin pour votre voyage.<\/p>\n\n\n\n<p>Commen\u00e7ons donc ensemble \u00e0 d\u00e9couvrir les diff\u00e9rents mat\u00e9riaux qui composent une \u00e9tiquette pour bagage.<\/p>\n\n\n\n<h3 class=\"wp-block-heading\">1 &#8211; Les \u00e9tiquettes en papier<\/h3>\n\n\n\n<figure class=\"wp-block-image size-full\"><img loading=\"lazy\" decoding=\"async\" width=\"1000\" height=\"500\" src=\"https:\/\/velartrip.com\/wp-content\/uploads\/2021\/04\/etiquettes-bagages-papiers.jpeg\" alt=\"etiquettes bagages papiers\" class=\"wp-image-13939\" srcset=\"https:\/\/velartrip.com\/wp-content\/uploads\/2021\/04\/etiquettes-bagages-papiers.jpeg 1000w, https:\/\/velartrip.com\/wp-content\/uploads\/2021\/04\/etiquettes-bagages-papiers-800x400.jpeg 800w, https:\/\/velartrip.com\/wp-content\/uploads\/2021\/04\/etiquettes-bagages-papiers-768x384.jpeg 768w\" sizes=\"auto, (max-width: 1000px) 100vw, 1000px\" \/><\/figure>\n\n\n\n<p><strong>Simples et \u00e0 usages uniques<\/strong>, elles se trouvent g\u00e9n\u00e9ralement dans les a\u00e9roports ou les gares, mais vous pourrez trouver \u00e9galement des mod\u00e8les \u00e0 imprimer sur internet.<\/p>\n\n\n\n<p>Ce sont des \u00e9tiquettes \u00ab d\u2019urgence \u00bb c\u2019est-\u00e0-dire qu\u2019elles sont g\u00e9n\u00e9ralement <strong>utilis\u00e9es pour d\u00e9panner<\/strong> de par le papier qui se <strong>d\u00e9chire facilement<\/strong> au moindre accroc ou choc.<\/p>\n\n\n\n<p>Ces \u00e9tiquettes sont habituellement achet\u00e9es en dernier recours en cas d\u2019oubli en gare ou \u00e0 l\u2019a\u00e9roport.<\/p>\n\n\n\n<h3 class=\"wp-block-heading\">2 &#8211; Les \u00e9tiquettes en cuir synth\u00e9tique ou en m\u00e9tal<\/h3>\n\n\n\n<figure class=\"wp-block-image size-full\"><img loading=\"lazy\" decoding=\"async\" width=\"1000\" height=\"500\" src=\"https:\/\/velartrip.com\/wp-content\/uploads\/2021\/04\/3.jpg\" alt=\"\u00e9tiquette bagage cuir synth\u00e9tique ou m\u00e9tal\" class=\"wp-image-13941\" srcset=\"https:\/\/velartrip.com\/wp-content\/uploads\/2021\/04\/3.jpg 1000w, https:\/\/velartrip.com\/wp-content\/uploads\/2021\/04\/3-800x400.jpg 800w, https:\/\/velartrip.com\/wp-content\/uploads\/2021\/04\/3-768x384.jpg 768w\" sizes=\"auto, (max-width: 1000px) 100vw, 1000px\" \/><\/figure>\n\n\n\n<p><strong>Polyvalentes et \u00e9conomiques<\/strong>, elles occupent le march\u00e9 en quasi-monopole ! Ce sont des <strong>\u00e9tiquettes durables<\/strong> et d\u00e9clin\u00e9es en une multitude de design.<\/p>\n\n\n\n<p>Elles s\u2019adapteront facilement \u00e0 tous types de sacs :<\/p>\n\n\n\n<ul class=\"wp-block-list\"><li>Sac \u00e0 dos<\/li><li>Sac de voyage<\/li><li>Bagage cabine<\/li><li>Valise \u00e0 4 ou \u00e0 2 roues<\/li><\/ul>\n\n\n\n<p>Nous recommandons ce mod\u00e8le pour tous les voyageurs qui cherchent \u00e0 obtenir une \u00e9tiquette propre \u00e0 eux.<\/p>\n\n\n\n<h3 class=\"wp-block-heading\">3 &#8211; Les \u00e9tiquettes en cuir<\/h3>\n\n\n\n<figure class=\"wp-block-image size-full\"><img loading=\"lazy\" decoding=\"async\" width=\"1000\" height=\"500\" src=\"https:\/\/velartrip.com\/wp-content\/uploads\/2021\/04\/4.jpg\" alt=\"\u00e9tiquette bagage cuir \" class=\"wp-image-13942\" srcset=\"https:\/\/velartrip.com\/wp-content\/uploads\/2021\/04\/4.jpg 1000w, https:\/\/velartrip.com\/wp-content\/uploads\/2021\/04\/4-800x400.jpg 800w, https:\/\/velartrip.com\/wp-content\/uploads\/2021\/04\/4-768x384.jpg 768w\" sizes=\"auto, (max-width: 1000px) 100vw, 1000px\" \/><\/figure>\n\n\n\n<p>Elles sont durables dans le temps et se rapprochent fortement des caract\u00e9ristiques des \u00e9tiquettes en cuir synth\u00e9tique ou en m\u00e9tal cependant, il y aura <strong>moins de choix<\/strong> sur leurs designs.<\/p>\n\n\n\n<p>Nous serons sur des <strong>produits robustes et simples<\/strong> pour toutes celles et ceux qui souhaitent un produit qui va \u00e0 l\u2019essentiel.<\/p>\n\n\n\n<h2 class=\"wp-block-heading\">Quels sont les endroits pour trouver des \u00e9tiquettes pour bagages ?<\/h2>\n\n\n\n<p>Maintenant que nous avons toutes les cl\u00e9s en main pour choisir le type d&rsquo;\u00e9tiquette le plus adapt\u00e9 \u00e0 notre voyage. Il est d\u00e9sormais temps de d\u00e9couvrir quels sont les lieux qui s&rsquo;offrent \u00e0 vous pour acheter une \u00e9tiquette pour bagage.<\/p>\n\n\n\n<p>Voici la liste des endroits \u00e0 privil\u00e9gier pour votre recherche.<\/p>\n\n\n\n<h3 class=\"wp-block-heading\">1 &#8211; Les gares et les a\u00e9roports<\/h3>\n\n\n\n<p>Il y a une notion \u00e0 comprendre pour les a\u00e9roports. Les <strong>\u00e9tiquettes<\/strong> que nous traitons dans cet article de blog sont diff\u00e9rentes de celles plac\u00e9es sur vos <strong>bagages en soute par l\u2019h\u00f4tesse au sol<\/strong>.<\/p>\n\n\n\n<p>Ces derni\u00e8res sont <strong>syst\u00e9matiquement \u00ab\u00a0coll\u00e9es\u00a0\u00bb<\/strong> lors de <strong>l\u2019enregistrement de vos valises<\/strong> au guichet de la compagnie a\u00e9rienne.<\/p>\n\n\n\n<p>Nous vous recommandons n\u00e9anmoins de <strong>rajouter une deuxi\u00e8me \u00e9tiquette de bagage propre \u00e0 vous<\/strong> sur vos valises en soute afin d\u2019apporter un moyen suppl\u00e9mentaire d\u2019identification pour vos valises.<\/p>\n\n\n\n<p>Pour nous procurer des \u00e9tiquettes, nous pensons tous aux <strong>guichets des gares et des a\u00e9roports<\/strong> et vous avez bien raison ! Ce sont les endroits o\u00f9 vous pourrez trouver des<strong> \u00e9tiquettes pour bagage gratuites<\/strong>, mais seulement en papier.<\/p>\n\n\n\n<p>Un autre endroit auquel on ne pense pas, concerne les <strong>boutiques d\u2019accessoires de voyage<\/strong> (il y en a toujours une dans ces lieux-l\u00e0 !), mais nous ne vous recommandons pas d\u2019acheter vos accessoires dedans.<\/p>\n\n\n\n<p>La raison est tr\u00e8s simple : leurs prix qui sont g\u00e9n\u00e9ralement <strong>2 \u00e0 3 fois plus chers<\/strong> !<\/p>\n\n\n\n<h3 class=\"wp-block-heading\">2 &#8211; Sur internet : le DIY (Do It Yoursel = faites-le vous-m\u00eame)<\/h3>\n\n\n\n<p>De nombreux sites internet et <a href=\"https:\/\/www.youtube.com\/watch?v=_qvnMiRsBKA\" target=\"_blank\" rel=\"noreferrer noopener\">vid\u00e9os YouTube traitent de ce sujet<\/a>, si vous avez l\u2019\u00e2me cr\u00e9ative et du temps devant vous, allez-y ! \ud83d\ude09<\/p>\n\n\n\n<p>L\u2019autre alternative un peu plus simple consiste \u00e0 g\u00e9n\u00e9rer et \u00e0 <a href=\"http:\/\/www.parchance.fr\/etiquette\/bagage\/\" target=\"_blank\" rel=\"noreferrer noopener\">imprimer des mod\u00e8les directement sur des sites internet d\u00e9di\u00e9s<\/a>.<\/p>\n\n\n\n<p>Mais gardez en t\u00eate une chose, faite un mod\u00e8le de pr\u00e9f\u00e9rence qui <strong>ne soit pas en papier<\/strong> pour assurer une durabilit\u00e9 de votre \u00e9tiquette \u00e0 toutes \u00e9preuves !<\/p>\n\n\n\n<h3 class=\"wp-block-heading\">3 &#8211; VelarTrip, notre site internet !<\/h3>\n\n\n\n<p>La derni\u00e8re alternative consiste \u00e0 venir d\u00e9couvrir le <strong>plus grand choix d\u2019\u00e9tiquettes pour bagages<\/strong> disponible sur notre site internet.<br>Il y en a pour tous les go\u00fbts !<\/p>\n\n\n\n<p>Vous aurez donc l\u2019embarras du choix pour votre \u00e9tiquette avec en plus:<\/p>\n\n\n\n<ul class=\"wp-block-list\"><li>Des <strong>mod\u00e8les r\u00e9utilisables<\/strong> sur de nombreux voyages<\/li><li>Des \u00e9tiquettes <strong>design et reconnaissables<\/strong> sur le carrousel \u00e0 bagages<\/li><\/ul>\n\n\n\n<figure class=\"wp-block-image size-full is-style-default\"><a href=\"https:\/\/velartrip.com\/etiquettes-bagages\/\"><img loading=\"lazy\" decoding=\"async\" width=\"1000\" height=\"500\" src=\"https:\/\/velartrip.com\/wp-content\/uploads\/2022\/07\/Copie-de-Prote\u0301gez-vos-valises.jpeg\" alt=\"\" class=\"wp-image-13943\" srcset=\"https:\/\/velartrip.com\/wp-content\/uploads\/2022\/07\/Copie-de-Prote\u0301gez-vos-valises.jpeg 1000w, https:\/\/velartrip.com\/wp-content\/uploads\/2022\/07\/Copie-de-Prote\u0301gez-vos-valises-800x400.jpeg 800w, https:\/\/velartrip.com\/wp-content\/uploads\/2022\/07\/Copie-de-Prote\u0301gez-vos-valises-768x384.jpeg 768w, https:\/\/velartrip.com\/wp-content\/uploads\/2022\/07\/Copie-de-Prote\u0301gez-vos-valises-500x250.jpeg 500w\" sizes=\"auto, (max-width: 1000px) 100vw, 1000px\" \/><\/a><\/figure>\n\n\n\n<h2 class=\"wp-block-heading\">Quelles sont les informations importantes \u00e0 mettre sur une \u00e9tiquette de bagage ?<\/h2>\n\n\n\n<p>Pour finir, d\u00e9couvrons les renseignements indispensables \u00e0 mettre sur votre \u00e9tiquette de valise.<\/p>\n\n\n\n<p>Notre objectif est de limiter les risques sur vos valises en cas de pertes. Voyons tout cela en d\u00e9tail !<\/p>\n\n\n\n<h3 class=\"wp-block-heading\">1 &#8211; Le nom et pr\u00e9nom<\/h3>\n\n\n\n<p>Primordiale pour vous identifier rapidement par les services de s\u00e9curit\u00e9 des gares ou des a\u00e9roports. Le nom et pr\u00e9nom pourra <strong>\u00ab limiter \u00bb les risques de destruction<\/strong> de votre valise. C\u2019est le minimum pour vos voyages.<\/p>\n\n\n\n<h3 class=\"wp-block-heading\">2 &#8211; L\u2019adresse postale<\/h3>\n\n\n\n<p>Pour l\u2019adresse, il y a 2 \u00e9coles, la premi\u00e8re consiste \u00e0 mettre<strong> l\u2019adresse de son domicile<\/strong> et l\u2019autre \u00e9cole conseille de ne pas l\u2019\u00e9crire sur votre \u00e9tiquette ext\u00e9rieure, mais plut\u00f4t de la noter sur une feuille ou <strong>une \u00e9tiquette plac\u00e9e \u00e0 l\u2019int\u00e9rieur de votre bagage<\/strong> pour \u00e9viter d\u2019\u00e9ventuels cambriolages.<\/p>\n\n\n\n<p>Chez VelarTrip, nous vous conseillerons la premi\u00e8re \u00e9cole, c\u2019est-\u00e0-dire d\u2019\u00e9crire votre adresse sur l\u2019\u00e9tiquette.<\/p>\n\n\n\n<p>Pourquoi ?<\/p>\n\n\n\n<p>Tout simplement pour 2 raisons :<\/p>\n\n\n\n<ul class=\"wp-block-list\"><li>La premi\u00e8re est de consid\u00e9rer que m\u00eame si le <strong>risque de cambriolage existe<\/strong>, ce dernier reste infime par rapport aux nombres de voyageurs et \u00e0 la probabilit\u00e9 qu\u2019une personne de l\u2019a\u00e9roport se d\u00e9place chez vous.<\/li><li>La deuxi\u00e8me est en faveur des services de s\u00e9curit\u00e9s des a\u00e9roports, car en cas de pertes de vos bagages, ils pourront \u00eatre <strong>plus rapidement achemin\u00e9s vers l\u2019adresse de votre domicile<\/strong> gr\u00e2ce \u00e0 une \u00e9tiquette bien visible.<\/li><\/ul>\n\n\n\n<h3 class=\"wp-block-heading\">3 &#8211; Le num\u00e9ro de t\u00e9l\u00e9phone et l\u2019adresse e-mail<\/h3>\n\n\n\n<p>Ces 2 informations sont \u00e0 ce jour les moyens les plus efficaces pour prendre <strong>rapidement et facilement contact avec vous<\/strong> en cas de pertes de vos valises.<\/p>\n\n\n\n<p>Cela \u00e9vitera des pertes de temps afin de retracer le parcours de votre valise au sein des diff\u00e9rents a\u00e9roports et avions.<\/p>\n\n\n\n<p>Concernant les voyageurs mineurs, ils auront \u00e9galement les m\u00eames informations \u00e0 reporter sur leurs \u00e9tiquettes, mais \u00e0 une exception pr\u00e8s : le num\u00e9ro de t\u00e9l\u00e9phone qui sera celui de l\u2019accompagnateur ou du parent.<\/p>\n\n\n\n<h2 class=\"wp-block-heading\">Choisissez l\u2019\u00e9tiquette de bagage qui vous correspond !<\/h2>\n\n\n\n<p>Comme nous avons vu pr\u00e9c\u00e9demment, les endroits pour trouver des \u00e9tiquettes de bagage ne sont pas rares ! Bien au contraire, vous pourrez en trouver dans de nombreux lieux physiques ou en ligne.<\/p>\n\n\n\n<p>Maintenant, avec toutes ces informations, vous serez pr\u00eats pour trouver l\u2019\u00e9tiquette qui vous correspond afin de vous <strong>distinguer vis-\u00e0-vis des autres voyageurs<\/strong>.<\/p>\n\n\n\n<p>C\u2019est pourquoi nous vous sugg\u00e9rons de d\u00e9couvrir nos mod\u00e8les uniques et design qui permettront d\u2019identifier plus rapidement vos valises lors de vos voyages.<\/p>\n\n\n\n<p>De plus, combin\u00e9 avec une housse de valise, elles seront parfaites pour une s\u00e9curit\u00e9 \u00e0 toutes \u00e9preuves !<\/p>\n\n\n<div data-block-name=\"woocommerce\/product-category\" data-categories=\"[392,397]\" data-columns=\"4\" data-content-visibility=\"{&quot;image&quot;:true,&quot;title&quot;:true,&quot;price&quot;:false,&quot;rating&quot;:false,&quot;button&quot;:false}\" data-orderby=\"popularity\" data-rows=\"2\" data-stock-status=\"[&quot;&quot;,&quot;instock&quot;,&quot;outofstock&quot;,&quot;onbackorder&quot;]\" class=\"wc-block-grid wp-block-product-category wp-block-woocommerce-product-category wc-block-product-category has-4-columns has-multiple-rows\"><ul class=\"wc-block-grid__products\"><li class=\"wc-block-grid__product entry loop-entry content-bg woo-archive-action-on-hover woo-archive-btn-text product-loop-unboxed woo-archive-image-hover-fade\"><a href=\"https:\/\/velartrip.com\/en\/accessoires-pour-valise\/housse-de-valise\/housse-de-valise-personnalisable\/\" class=\"wc-block-grid__product-link woocommerce-loop-image-link woocommerce-LoopProduct-link woocommerce-loop-product__link product-has-hover-image\">\n\t\t\t\t\t<img loading=\"lazy\" decoding=\"async\" width=\"600\" height=\"600\" src=\"https:\/\/velartrip.com\/wp-content\/uploads\/2020\/05\/houssedevalisepersonnalisablevelartrip18909807116445_2nd-768x768.jpeg\" class=\"attachment-woocommerce_thumbnail size-woocommerce_thumbnail\" alt=\"housse de valise personnalisable\" srcset=\"https:\/\/velartrip.com\/wp-content\/uploads\/2020\/05\/houssedevalisepersonnalisablevelartrip18909807116445_2nd-768x768.jpeg 768w, https:\/\/velartrip.com\/wp-content\/uploads\/2020\/05\/houssedevalisepersonnalisablevelartrip18909807116445_2nd-247x247.jpeg 247w, https:\/\/velartrip.com\/wp-content\/uploads\/2020\/05\/houssedevalisepersonnalisablevelartrip18909807116445_2nd-100x100.jpeg 100w, https:\/\/velartrip.com\/wp-content\/uploads\/2020\/05\/houssedevalisepersonnalisablevelartrip18909807116445_2nd-400x400.jpeg 400w, https:\/\/velartrip.com\/wp-content\/uploads\/2020\/05\/houssedevalisepersonnalisablevelartrip18909807116445_2nd-280x280.jpeg 280w, https:\/\/velartrip.com\/wp-content\/uploads\/2020\/05\/houssedevalisepersonnalisablevelartrip18909807116445_2nd-510x510.jpeg 510w, https:\/\/velartrip.com\/wp-content\/uploads\/2020\/05\/houssedevalisepersonnalisablevelartrip18909807116445_2nd-228x228.jpeg 228w, https:\/\/velartrip.com\/wp-content\/uploads\/2020\/05\/houssedevalisepersonnalisablevelartrip18909807116445_2nd-114x114.jpeg 114w, https:\/\/velartrip.com\/wp-content\/uploads\/2020\/05\/houssedevalisepersonnalisablevelartrip18909807116445_2nd-320x320.jpeg 320w, https:\/\/velartrip.com\/wp-content\/uploads\/2020\/05\/houssedevalisepersonnalisablevelartrip18909807116445_2nd-160x160.jpeg 160w, https:\/\/velartrip.com\/wp-content\/uploads\/2020\/05\/houssedevalisepersonnalisablevelartrip18909807116445_2nd-266x266.jpeg 266w, https:\/\/velartrip.com\/wp-content\/uploads\/2020\/05\/houssedevalisepersonnalisablevelartrip18909807116445_2nd-133x133.jpeg 133w, https:\/\/velartrip.com\/wp-content\/uploads\/2020\/05\/houssedevalisepersonnalisablevelartrip18909807116445_2nd.jpeg 800w\" sizes=\"auto, (max-width: 600px) 100vw, 600px\" \/>\n\t\t\t\t\t<img loading=\"lazy\" decoding=\"async\" width=\"600\" height=\"600\" src=\"https:\/\/velartrip.com\/wp-content\/uploads\/2020\/05\/Copie-de-Copie-de-Sans-titre-1-768x768.jpg\" class=\"secondary-product-image attachment-woocommerce_thumbnail attachment-shop-catalog wp-post-image wp-post-image--secondary\" alt=\"housse de valise personnalisable velartrip\" srcset=\"https:\/\/velartrip.com\/wp-content\/uploads\/2020\/05\/Copie-de-Copie-de-Sans-titre-1-768x768.jpg 768w, https:\/\/velartrip.com\/wp-content\/uploads\/2020\/05\/Copie-de-Copie-de-Sans-titre-1-247x247.jpg 247w, https:\/\/velartrip.com\/wp-content\/uploads\/2020\/05\/Copie-de-Copie-de-Sans-titre-1-100x100.jpg 100w, https:\/\/velartrip.com\/wp-content\/uploads\/2020\/05\/Copie-de-Copie-de-Sans-titre-1-400x400.jpg 400w, https:\/\/velartrip.com\/wp-content\/uploads\/2020\/05\/Copie-de-Copie-de-Sans-titre-1-280x280.jpg 280w, https:\/\/velartrip.com\/wp-content\/uploads\/2020\/05\/Copie-de-Copie-de-Sans-titre-1-510x510.jpg 510w, https:\/\/velartrip.com\/wp-content\/uploads\/2020\/05\/Copie-de-Copie-de-Sans-titre-1-228x228.jpg 228w, https:\/\/velartrip.com\/wp-content\/uploads\/2020\/05\/Copie-de-Copie-de-Sans-titre-1-114x114.jpg 114w, https:\/\/velartrip.com\/wp-content\/uploads\/2020\/05\/Copie-de-Copie-de-Sans-titre-1-320x320.jpg 320w, https:\/\/velartrip.com\/wp-content\/uploads\/2020\/05\/Copie-de-Copie-de-Sans-titre-1-160x160.jpg 160w, https:\/\/velartrip.com\/wp-content\/uploads\/2020\/05\/Copie-de-Copie-de-Sans-titre-1-266x266.jpg 266w, https:\/\/velartrip.com\/wp-content\/uploads\/2020\/05\/Copie-de-Copie-de-Sans-titre-1-133x133.jpg 133w, https:\/\/velartrip.com\/wp-content\/uploads\/2020\/05\/Copie-de-Copie-de-Sans-titre-1.jpg 800w\" sizes=\"auto, (max-width: 600px) 100vw, 600px\" \/>\n\t\t\t\t<\/a>\n\t\t\t\t<div class=\"product-details content-bg entry-content-wrap\">\n\t\t\t\t\t<a href=\"https:\/\/velartrip.com\/en\/accessoires-pour-valise\/housse-de-valise\/housse-de-valise-personnalisable\/\" class=\"wc-block-grid__product-title-link\">\n\t\t\t\t\t\t<div class=\"wc-block-grid__product-title\">Housse De Valise  Personnalisable<\/div>\n\t\t\t\t\t<\/a>\n\t\t\t\t\t\n\t\t\t\t\t\n\t\t\t\t\t\n\t\t\t\t<\/div>\n\t\t\t<\/li><li class=\"wc-block-grid__product entry loop-entry content-bg woo-archive-action-on-hover woo-archive-btn-text product-loop-unboxed woo-archive-image-hover-fade\"><a href=\"https:\/\/velartrip.com\/en\/accessoires-pour-valise\/etiquettes-bagages\/etiquette-valise-avion-aventurier\/\" class=\"wc-block-grid__product-link woocommerce-loop-image-link woocommerce-LoopProduct-link woocommerce-loop-product__link\">\n\t\t\t\t\t<img loading=\"lazy\" decoding=\"async\" width=\"600\" height=\"600\" src=\"https:\/\/velartrip.com\/wp-content\/uploads\/2022\/05\/97-2.jpg\" class=\"attachment-woocommerce_thumbnail size-woocommerce_thumbnail\" alt=\"\u00c9tiquette Bagage Let&#039;s Be Adventurers\" srcset=\"https:\/\/velartrip.com\/wp-content\/uploads\/2022\/05\/97-2.jpg 800w, https:\/\/velartrip.com\/wp-content\/uploads\/2022\/05\/97-2-247x247.jpg 247w, https:\/\/velartrip.com\/wp-content\/uploads\/2022\/05\/97-2-100x100.jpg 100w, https:\/\/velartrip.com\/wp-content\/uploads\/2022\/05\/97-2-400x400.jpg 400w, https:\/\/velartrip.com\/wp-content\/uploads\/2022\/05\/97-2-280x280.jpg 280w, https:\/\/velartrip.com\/wp-content\/uploads\/2022\/05\/97-2-500x500.jpg 500w, https:\/\/velartrip.com\/wp-content\/uploads\/2022\/05\/97-2-228x228.jpg 228w, https:\/\/velartrip.com\/wp-content\/uploads\/2022\/05\/97-2-114x114.jpg 114w, https:\/\/velartrip.com\/wp-content\/uploads\/2022\/05\/97-2-266x266.jpg 266w, https:\/\/velartrip.com\/wp-content\/uploads\/2022\/05\/97-2-133x133.jpg 133w\" sizes=\"auto, (max-width: 600px) 100vw, 600px\" \/>\n\t\t\t\t\t\n\t\t\t\t<\/a>\n\t\t\t\t<div class=\"product-details content-bg entry-content-wrap\">\n\t\t\t\t\t<a href=\"https:\/\/velartrip.com\/en\/accessoires-pour-valise\/etiquettes-bagages\/etiquette-valise-avion-aventurier\/\" class=\"wc-block-grid__product-title-link\">\n\t\t\t\t\t\t<div class=\"wc-block-grid__product-title\">\u00c9tiquette Bagage  Let&rsquo;s Be Adventurers<\/div>\n\t\t\t\t\t<\/a>\n\t\t\t\t\t\n\t\t\t\t\t\n\t\t\t\t\t\n\t\t\t\t<\/div>\n\t\t\t<\/li><li class=\"wc-block-grid__product entry loop-entry content-bg woo-archive-action-on-hover woo-archive-btn-text product-loop-unboxed woo-archive-image-hover-fade\"><a href=\"https:\/\/velartrip.com\/en\/accessoires-pour-valise\/housse-de-valise\/housse-valise-transparente\/\" class=\"wc-block-grid__product-link woocommerce-loop-image-link woocommerce-LoopProduct-link woocommerce-loop-product__link product-has-hover-image\">\n\t\t\t\t\t<img loading=\"lazy\" decoding=\"async\" width=\"600\" height=\"600\" src=\"https:\/\/velartrip.com\/wp-content\/uploads\/2021\/01\/11-768x768.jpg\" class=\"attachment-woocommerce_thumbnail size-woocommerce_thumbnail\" alt=\"housse de valise transparent noir\" srcset=\"https:\/\/velartrip.com\/wp-content\/uploads\/2021\/01\/11-768x768.jpg 768w, https:\/\/velartrip.com\/wp-content\/uploads\/2021\/01\/11-247x247.jpg 247w, https:\/\/velartrip.com\/wp-content\/uploads\/2021\/01\/11-100x100.jpg 100w, https:\/\/velartrip.com\/wp-content\/uploads\/2021\/01\/11-400x400.jpg 400w, https:\/\/velartrip.com\/wp-content\/uploads\/2021\/01\/11-280x280.jpg 280w, https:\/\/velartrip.com\/wp-content\/uploads\/2021\/01\/11-510x510.jpg 510w, https:\/\/velartrip.com\/wp-content\/uploads\/2021\/01\/11-228x228.jpg 228w, https:\/\/velartrip.com\/wp-content\/uploads\/2021\/01\/11-114x114.jpg 114w, https:\/\/velartrip.com\/wp-content\/uploads\/2021\/01\/11-266x266.jpg 266w, https:\/\/velartrip.com\/wp-content\/uploads\/2021\/01\/11-133x133.jpg 133w, https:\/\/velartrip.com\/wp-content\/uploads\/2021\/01\/11.jpg 800w\" sizes=\"auto, (max-width: 600px) 100vw, 600px\" \/>\n\t\t\t\t\t<img loading=\"lazy\" decoding=\"async\" width=\"600\" height=\"600\" src=\"https:\/\/velartrip.com\/wp-content\/uploads\/2021\/01\/15-1-768x768.jpg\" class=\"secondary-product-image attachment-woocommerce_thumbnail attachment-shop-catalog wp-post-image wp-post-image--secondary\" alt=\"housse de valise transparente perspectives\" srcset=\"https:\/\/velartrip.com\/wp-content\/uploads\/2021\/01\/15-1-768x768.jpg 768w, https:\/\/velartrip.com\/wp-content\/uploads\/2021\/01\/15-1-247x247.jpg 247w, https:\/\/velartrip.com\/wp-content\/uploads\/2021\/01\/15-1-100x100.jpg 100w, https:\/\/velartrip.com\/wp-content\/uploads\/2021\/01\/15-1-400x400.jpg 400w, https:\/\/velartrip.com\/wp-content\/uploads\/2021\/01\/15-1-280x280.jpg 280w, https:\/\/velartrip.com\/wp-content\/uploads\/2021\/01\/15-1-510x510.jpg 510w, https:\/\/velartrip.com\/wp-content\/uploads\/2021\/01\/15-1-228x228.jpg 228w, https:\/\/velartrip.com\/wp-content\/uploads\/2021\/01\/15-1-114x114.jpg 114w, https:\/\/velartrip.com\/wp-content\/uploads\/2021\/01\/15-1-266x266.jpg 266w, https:\/\/velartrip.com\/wp-content\/uploads\/2021\/01\/15-1-133x133.jpg 133w, https:\/\/velartrip.com\/wp-content\/uploads\/2021\/01\/15-1.jpg 800w\" sizes=\"auto, (max-width: 600px) 100vw, 600px\" \/>\n\t\t\t\t<\/a>\n\t\t\t\t<div class=\"product-details content-bg entry-content-wrap\">\n\t\t\t\t\t<a href=\"https:\/\/velartrip.com\/en\/accessoires-pour-valise\/housse-de-valise\/housse-valise-transparente\/\" class=\"wc-block-grid__product-title-link\">\n\t\t\t\t\t\t<div class=\"wc-block-grid__product-title\">Housse de Valise  Transparente<\/div>\n\t\t\t\t\t<\/a>\n\t\t\t\t\t\n\t\t\t\t\t\n\t\t\t\t\t\n\t\t\t\t<\/div>\n\t\t\t<\/li><li class=\"wc-block-grid__product entry loop-entry content-bg woo-archive-action-on-hover woo-archive-btn-text product-loop-unboxed woo-archive-image-hover-fade\"><a href=\"https:\/\/velartrip.com\/en\/accessoires-pour-valise\/etiquettes-bagages\/etiquette-bagage-avion-fluo\/\" class=\"wc-block-grid__product-link woocommerce-loop-image-link woocommerce-LoopProduct-link woocommerce-loop-product__link\">\n\t\t\t\t\t<img loading=\"lazy\" decoding=\"async\" width=\"600\" height=\"600\" src=\"https:\/\/velartrip.com\/wp-content\/uploads\/2022\/05\/Sans-titre-20.jpg\" class=\"attachment-woocommerce_thumbnail size-woocommerce_thumbnail\" alt=\"\u00c9tiquette Bagage Do Not Touch My Luggage\" srcset=\"https:\/\/velartrip.com\/wp-content\/uploads\/2022\/05\/Sans-titre-20.jpg 800w, https:\/\/velartrip.com\/wp-content\/uploads\/2022\/05\/Sans-titre-20-247x247.jpg 247w, https:\/\/velartrip.com\/wp-content\/uploads\/2022\/05\/Sans-titre-20-100x100.jpg 100w, https:\/\/velartrip.com\/wp-content\/uploads\/2022\/05\/Sans-titre-20-400x400.jpg 400w, https:\/\/velartrip.com\/wp-content\/uploads\/2022\/05\/Sans-titre-20-280x280.jpg 280w, https:\/\/velartrip.com\/wp-content\/uploads\/2022\/05\/Sans-titre-20-500x500.jpg 500w, https:\/\/velartrip.com\/wp-content\/uploads\/2022\/05\/Sans-titre-20-228x228.jpg 228w, https:\/\/velartrip.com\/wp-content\/uploads\/2022\/05\/Sans-titre-20-114x114.jpg 114w, https:\/\/velartrip.com\/wp-content\/uploads\/2022\/05\/Sans-titre-20-266x266.jpg 266w, https:\/\/velartrip.com\/wp-content\/uploads\/2022\/05\/Sans-titre-20-133x133.jpg 133w\" sizes=\"auto, (max-width: 600px) 100vw, 600px\" \/>\n\t\t\t\t\t\n\t\t\t\t<\/a>\n\t\t\t\t<div class=\"product-details content-bg entry-content-wrap\">\n\t\t\t\t\t<a href=\"https:\/\/velartrip.com\/en\/accessoires-pour-valise\/etiquettes-bagages\/etiquette-bagage-avion-fluo\/\" class=\"wc-block-grid__product-title-link\">\n\t\t\t\t\t\t<div class=\"wc-block-grid__product-title\">\u00c9tiquette Bagage  Do Not Touch My Luggage<\/div>\n\t\t\t\t\t<\/a>\n\t\t\t\t\t\n\t\t\t\t\t\n\t\t\t\t\t\n\t\t\t\t<\/div>\n\t\t\t<\/li><li class=\"wc-block-grid__product entry loop-entry content-bg woo-archive-action-on-hover woo-archive-btn-text product-loop-unboxed woo-archive-image-hover-fade\"><a href=\"https:\/\/velartrip.com\/en\/accessoires-pour-valise\/etiquettes-bagages\/etiquette-bagage-travel\/\" class=\"wc-block-grid__product-link woocommerce-loop-image-link woocommerce-LoopProduct-link woocommerce-loop-product__link product-has-hover-image\">\n\t\t\t\t\t<img loading=\"lazy\" decoding=\"async\" width=\"600\" height=\"600\" src=\"https:\/\/velartrip.com\/wp-content\/uploads\/2020\/06\/68-768x768.jpg\" class=\"attachment-woocommerce_thumbnail size-woocommerce_thumbnail\" alt=\"etiquette bagage travel velartrip\" srcset=\"https:\/\/velartrip.com\/wp-content\/uploads\/2020\/06\/68-768x768.jpg 768w, https:\/\/velartrip.com\/wp-content\/uploads\/2020\/06\/68-247x247.jpg 247w, https:\/\/velartrip.com\/wp-content\/uploads\/2020\/06\/68-100x100.jpg 100w, https:\/\/velartrip.com\/wp-content\/uploads\/2020\/06\/68-400x400.jpg 400w, https:\/\/velartrip.com\/wp-content\/uploads\/2020\/06\/68-280x280.jpg 280w, https:\/\/velartrip.com\/wp-content\/uploads\/2020\/06\/68-510x510.jpg 510w, https:\/\/velartrip.com\/wp-content\/uploads\/2020\/06\/68-228x228.jpg 228w, https:\/\/velartrip.com\/wp-content\/uploads\/2020\/06\/68-114x114.jpg 114w, https:\/\/velartrip.com\/wp-content\/uploads\/2020\/06\/68-266x266.jpg 266w, https:\/\/velartrip.com\/wp-content\/uploads\/2020\/06\/68-133x133.jpg 133w, https:\/\/velartrip.com\/wp-content\/uploads\/2020\/06\/68.jpg 800w\" sizes=\"auto, (max-width: 600px) 100vw, 600px\" \/>\n\t\t\t\t\t<img loading=\"lazy\" decoding=\"async\" width=\"600\" height=\"600\" src=\"https:\/\/velartrip.com\/wp-content\/uploads\/2020\/06\/70-768x768.jpg\" class=\"secondary-product-image attachment-woocommerce_thumbnail attachment-shop-catalog wp-post-image wp-post-image--secondary\" alt=\"etiquette bagage travel elements velartrip\" srcset=\"https:\/\/velartrip.com\/wp-content\/uploads\/2020\/06\/70-768x768.jpg 768w, https:\/\/velartrip.com\/wp-content\/uploads\/2020\/06\/70-247x247.jpg 247w, https:\/\/velartrip.com\/wp-content\/uploads\/2020\/06\/70-100x100.jpg 100w, https:\/\/velartrip.com\/wp-content\/uploads\/2020\/06\/70-400x400.jpg 400w, https:\/\/velartrip.com\/wp-content\/uploads\/2020\/06\/70-280x280.jpg 280w, https:\/\/velartrip.com\/wp-content\/uploads\/2020\/06\/70-510x510.jpg 510w, https:\/\/velartrip.com\/wp-content\/uploads\/2020\/06\/70-228x228.jpg 228w, https:\/\/velartrip.com\/wp-content\/uploads\/2020\/06\/70-114x114.jpg 114w, https:\/\/velartrip.com\/wp-content\/uploads\/2020\/06\/70-266x266.jpg 266w, https:\/\/velartrip.com\/wp-content\/uploads\/2020\/06\/70-133x133.jpg 133w, https:\/\/velartrip.com\/wp-content\/uploads\/2020\/06\/70.jpg 800w\" sizes=\"auto, (max-width: 600px) 100vw, 600px\" \/>\n\t\t\t\t<\/a>\n\t\t\t\t<div class=\"product-details content-bg entry-content-wrap\">\n\t\t\t\t\t<a href=\"https:\/\/velartrip.com\/en\/accessoires-pour-valise\/etiquettes-bagages\/etiquette-bagage-travel\/\" class=\"wc-block-grid__product-title-link\">\n\t\t\t\t\t\t<div class=\"wc-block-grid__product-title\">\u00c9tiquette Bagage  Travel<\/div>\n\t\t\t\t\t<\/a>\n\t\t\t\t\t\n\t\t\t\t\t\n\t\t\t\t\t\n\t\t\t\t<\/div>\n\t\t\t<\/li><li class=\"wc-block-grid__product entry loop-entry content-bg woo-archive-action-on-hover woo-archive-btn-text product-loop-unboxed woo-archive-image-hover-fade\"><a href=\"https:\/\/velartrip.com\/en\/accessoires-pour-valise\/etiquettes-bagages\/etiquette-bagage-avion-argent\/\" class=\"wc-block-grid__product-link woocommerce-loop-image-link woocommerce-LoopProduct-link woocommerce-loop-product__link product-has-hover-image\">\n\t\t\t\t\t<img loading=\"lazy\" decoding=\"async\" width=\"600\" height=\"600\" src=\"https:\/\/velartrip.com\/wp-content\/uploads\/2022\/05\/135.jpg\" class=\"attachment-woocommerce_thumbnail size-woocommerce_thumbnail\" alt=\"\u00c9tiquette Bagage Aircraft Argent\" srcset=\"https:\/\/velartrip.com\/wp-content\/uploads\/2022\/05\/135.jpg 800w, https:\/\/velartrip.com\/wp-content\/uploads\/2022\/05\/135-247x247.jpg 247w, https:\/\/velartrip.com\/wp-content\/uploads\/2022\/05\/135-100x100.jpg 100w, https:\/\/velartrip.com\/wp-content\/uploads\/2022\/05\/135-400x400.jpg 400w, https:\/\/velartrip.com\/wp-content\/uploads\/2022\/05\/135-280x280.jpg 280w, https:\/\/velartrip.com\/wp-content\/uploads\/2022\/05\/135-500x500.jpg 500w, https:\/\/velartrip.com\/wp-content\/uploads\/2022\/05\/135-228x228.jpg 228w, https:\/\/velartrip.com\/wp-content\/uploads\/2022\/05\/135-114x114.jpg 114w, https:\/\/velartrip.com\/wp-content\/uploads\/2022\/05\/135-266x266.jpg 266w, https:\/\/velartrip.com\/wp-content\/uploads\/2022\/05\/135-133x133.jpg 133w\" sizes=\"auto, (max-width: 600px) 100vw, 600px\" \/>\n\t\t\t\t\t<img loading=\"lazy\" decoding=\"async\" width=\"600\" height=\"600\" src=\"https:\/\/velartrip.com\/wp-content\/uploads\/2020\/04\/33049736705_images_62924f54918e3_1-768x768.jpg\" class=\"secondary-product-image attachment-woocommerce_thumbnail attachment-shop-catalog wp-post-image wp-post-image--secondary\" alt=\"\u00c9tiquette Bagage Aircraft argent strie detail\" srcset=\"https:\/\/velartrip.com\/wp-content\/uploads\/2020\/04\/33049736705_images_62924f54918e3_1-768x768.jpg 768w, https:\/\/velartrip.com\/wp-content\/uploads\/2020\/04\/33049736705_images_62924f54918e3_1-247x247.jpg 247w, https:\/\/velartrip.com\/wp-content\/uploads\/2020\/04\/33049736705_images_62924f54918e3_1-100x100.jpg 100w, https:\/\/velartrip.com\/wp-content\/uploads\/2020\/04\/33049736705_images_62924f54918e3_1-800x800.jpg 800w, https:\/\/velartrip.com\/wp-content\/uploads\/2020\/04\/33049736705_images_62924f54918e3_1-400x400.jpg 400w, https:\/\/velartrip.com\/wp-content\/uploads\/2020\/04\/33049736705_images_62924f54918e3_1-280x280.jpg 280w, https:\/\/velartrip.com\/wp-content\/uploads\/2020\/04\/33049736705_images_62924f54918e3_1-228x228.jpg 228w, https:\/\/velartrip.com\/wp-content\/uploads\/2020\/04\/33049736705_images_62924f54918e3_1-114x114.jpg 114w, https:\/\/velartrip.com\/wp-content\/uploads\/2020\/04\/33049736705_images_62924f54918e3_1-266x266.jpg 266w, https:\/\/velartrip.com\/wp-content\/uploads\/2020\/04\/33049736705_images_62924f54918e3_1-133x133.jpg 133w, https:\/\/velartrip.com\/wp-content\/uploads\/2020\/04\/33049736705_images_62924f54918e3_1.jpg 924w\" sizes=\"auto, (max-width: 600px) 100vw, 600px\" \/>\n\t\t\t\t<\/a>\n\t\t\t\t<div class=\"product-details content-bg entry-content-wrap\">\n\t\t\t\t\t<a href=\"https:\/\/velartrip.com\/en\/accessoires-pour-valise\/etiquettes-bagages\/etiquette-bagage-avion-argent\/\" class=\"wc-block-grid__product-title-link\">\n\t\t\t\t\t\t<div class=\"wc-block-grid__product-title\">\u00c9tiquette Bagage  Aircraft Argent<\/div>\n\t\t\t\t\t<\/a>\n\t\t\t\t\t\n\t\t\t\t\t\n\t\t\t\t\t\n\t\t\t\t<\/div>\n\t\t\t<\/li><li class=\"wc-block-grid__product entry loop-entry content-bg woo-archive-action-on-hover woo-archive-btn-text product-loop-unboxed woo-archive-image-hover-fade\"><a href=\"https:\/\/velartrip.com\/en\/accessoires-pour-valise\/etiquettes-bagages\/etiquette-bagage-avion-vert\/\" class=\"wc-block-grid__product-link woocommerce-loop-image-link woocommerce-LoopProduct-link woocommerce-loop-product__link product-has-hover-image\">\n\t\t\t\t\t<img loading=\"lazy\" decoding=\"async\" width=\"600\" height=\"600\" src=\"https:\/\/velartrip.com\/wp-content\/uploads\/2022\/05\/149.jpg\" class=\"attachment-woocommerce_thumbnail size-woocommerce_thumbnail\" alt=\"\u00e9tiquette away we go vert\" srcset=\"https:\/\/velartrip.com\/wp-content\/uploads\/2022\/05\/149.jpg 800w, https:\/\/velartrip.com\/wp-content\/uploads\/2022\/05\/149-247x247.jpg 247w, https:\/\/velartrip.com\/wp-content\/uploads\/2022\/05\/149-100x100.jpg 100w, https:\/\/velartrip.com\/wp-content\/uploads\/2022\/05\/149-400x400.jpg 400w, https:\/\/velartrip.com\/wp-content\/uploads\/2022\/05\/149-280x280.jpg 280w, https:\/\/velartrip.com\/wp-content\/uploads\/2022\/05\/149-500x500.jpg 500w, https:\/\/velartrip.com\/wp-content\/uploads\/2022\/05\/149-228x228.jpg 228w, https:\/\/velartrip.com\/wp-content\/uploads\/2022\/05\/149-114x114.jpg 114w, https:\/\/velartrip.com\/wp-content\/uploads\/2022\/05\/149-266x266.jpg 266w, https:\/\/velartrip.com\/wp-content\/uploads\/2022\/05\/149-133x133.jpg 133w\" sizes=\"auto, (max-width: 600px) 100vw, 600px\" \/>\n\t\t\t\t\t<img loading=\"lazy\" decoding=\"async\" width=\"600\" height=\"600\" src=\"https:\/\/velartrip.com\/wp-content\/uploads\/2022\/05\/Sans-titre-18.jpg\" class=\"secondary-product-image attachment-woocommerce_thumbnail attachment-shop-catalog wp-post-image wp-post-image--secondary\" alt=\"\u00e9tiquette away we go verso\" srcset=\"https:\/\/velartrip.com\/wp-content\/uploads\/2022\/05\/Sans-titre-18.jpg 800w, https:\/\/velartrip.com\/wp-content\/uploads\/2022\/05\/Sans-titre-18-247x247.jpg 247w, https:\/\/velartrip.com\/wp-content\/uploads\/2022\/05\/Sans-titre-18-100x100.jpg 100w, https:\/\/velartrip.com\/wp-content\/uploads\/2022\/05\/Sans-titre-18-400x400.jpg 400w, https:\/\/velartrip.com\/wp-content\/uploads\/2022\/05\/Sans-titre-18-280x280.jpg 280w, https:\/\/velartrip.com\/wp-content\/uploads\/2022\/05\/Sans-titre-18-500x500.jpg 500w, https:\/\/velartrip.com\/wp-content\/uploads\/2022\/05\/Sans-titre-18-228x228.jpg 228w, https:\/\/velartrip.com\/wp-content\/uploads\/2022\/05\/Sans-titre-18-114x114.jpg 114w, https:\/\/velartrip.com\/wp-content\/uploads\/2022\/05\/Sans-titre-18-266x266.jpg 266w, https:\/\/velartrip.com\/wp-content\/uploads\/2022\/05\/Sans-titre-18-133x133.jpg 133w\" sizes=\"auto, (max-width: 600px) 100vw, 600px\" \/>\n\t\t\t\t<\/a>\n\t\t\t\t<div class=\"product-details content-bg entry-content-wrap\">\n\t\t\t\t\t<a href=\"https:\/\/velartrip.com\/en\/accessoires-pour-valise\/etiquettes-bagages\/etiquette-bagage-avion-vert\/\" class=\"wc-block-grid__product-title-link\">\n\t\t\t\t\t\t<div class=\"wc-block-grid__product-title\">\u00c9tiquette Bagage  Away We Go Vert<\/div>\n\t\t\t\t\t<\/a>\n\t\t\t\t\t\n\t\t\t\t\t\n\t\t\t\t\t\n\t\t\t\t<\/div>\n\t\t\t<\/li><li class=\"wc-block-grid__product entry loop-entry content-bg woo-archive-action-on-hover woo-archive-btn-text product-loop-unboxed woo-archive-image-hover-fade\"><a href=\"https:\/\/velartrip.com\/en\/accessoires-pour-valise\/etiquettes-bagages\/etiquette-bagage-avion-cactus\/\" class=\"wc-block-grid__product-link woocommerce-loop-image-link woocommerce-LoopProduct-link woocommerce-loop-product__link\">\n\t\t\t\t\t<img loading=\"lazy\" decoding=\"async\" width=\"600\" height=\"600\" src=\"https:\/\/velartrip.com\/wp-content\/uploads\/2022\/05\/Sans-titre-19.jpg\" class=\"attachment-woocommerce_thumbnail size-woocommerce_thumbnail\" alt=\"\u00e9tiquette bagage cactus\" srcset=\"https:\/\/velartrip.com\/wp-content\/uploads\/2022\/05\/Sans-titre-19.jpg 800w, https:\/\/velartrip.com\/wp-content\/uploads\/2022\/05\/Sans-titre-19-247x247.jpg 247w, https:\/\/velartrip.com\/wp-content\/uploads\/2022\/05\/Sans-titre-19-100x100.jpg 100w, https:\/\/velartrip.com\/wp-content\/uploads\/2022\/05\/Sans-titre-19-400x400.jpg 400w, https:\/\/velartrip.com\/wp-content\/uploads\/2022\/05\/Sans-titre-19-280x280.jpg 280w, https:\/\/velartrip.com\/wp-content\/uploads\/2022\/05\/Sans-titre-19-500x500.jpg 500w, https:\/\/velartrip.com\/wp-content\/uploads\/2022\/05\/Sans-titre-19-228x228.jpg 228w, https:\/\/velartrip.com\/wp-content\/uploads\/2022\/05\/Sans-titre-19-114x114.jpg 114w, https:\/\/velartrip.com\/wp-content\/uploads\/2022\/05\/Sans-titre-19-266x266.jpg 266w, https:\/\/velartrip.com\/wp-content\/uploads\/2022\/05\/Sans-titre-19-133x133.jpg 133w\" sizes=\"auto, (max-width: 600px) 100vw, 600px\" \/>\n\t\t\t\t\t\n\t\t\t\t<\/a>\n\t\t\t\t<div class=\"product-details content-bg entry-content-wrap\">\n\t\t\t\t\t<a href=\"https:\/\/velartrip.com\/en\/accessoires-pour-valise\/etiquettes-bagages\/etiquette-bagage-avion-cactus\/\" class=\"wc-block-grid__product-title-link\">\n\t\t\t\t\t\t<div class=\"wc-block-grid__product-title\">\u00c9tiquette Bagage  Cactus<\/div>\n\t\t\t\t\t<\/a>\n\t\t\t\t\t\n\t\t\t\t\t\n\t\t\t\t\t\n\t\t\t\t<\/div>\n\t\t\t<\/li><\/ul><\/div>","protected":false},"excerpt":{"rendered":"<p>Want to know where to find luggage tags? Discover the most popular places to get your own tag.<\/p>","protected":false},"author":1,"featured_media":12910,"comment_status":"closed","ping_status":"open","sticky":false,"template":"","format":"standard","meta":{"_kad_blocks_custom_css":"","_kad_blocks_head_custom_js":"","_kad_blocks_body_custom_js":"","_kad_blocks_footer_custom_js":"","_kad_post_transparent":"","_kad_post_title":"","_kad_post_layout":"","_kad_post_sidebar_id":"","_kad_post_content_style":"","_kad_post_vertical_padding":"","_kad_post_feature":"","_kad_post_feature_position":"","_kad_post_header":false,"_kad_post_footer":false,"_kad_post_classname":"","footnotes":""},"categories":[641],"tags":[],"class_list":["post-9013","post","type-post","status-publish","format-standard","has-post-thumbnail","hentry","category-travel-blog"],"taxonomy_info":{"category":[{"value":641,"label":"Travel Blog"}]},"featured_image_src_large":["https:\/\/velartrip.com\/wp-content\/uploads\/2021\/04\/Mr-DUPOND-3.jpg",1000,500,false],"author_info":{"display_name":"VelarTrip","author_link":"https:\/\/velartrip.com\/en\/author\/velartrip\/"},"comment_info":0,"category_info":[{"term_id":641,"name":"Travel Blog","slug":"travel-blog","term_group":0,"term_taxonomy_id":636,"taxonomy":"category","description":"","parent":0,"count":19,"filter":"raw","cat_ID":641,"category_count":19,"category_description":"","cat_name":"Travel Blog","category_nicename":"travel-blog","category_parent":0}],"tag_info":false,"_links":{"self":[{"href":"https:\/\/velartrip.com\/en\/wp-json\/wp\/v2\/posts\/9013","targetHints":{"allow":["GET"]}}],"collection":[{"href":"https:\/\/velartrip.com\/en\/wp-json\/wp\/v2\/posts"}],"about":[{"href":"https:\/\/velartrip.com\/en\/wp-json\/wp\/v2\/types\/post"}],"author":[{"embeddable":true,"href":"https:\/\/velartrip.com\/en\/wp-json\/wp\/v2\/users\/1"}],"replies":[{"embeddable":true,"href":"https:\/\/velartrip.com\/en\/wp-json\/wp\/v2\/comments?post=9013"}],"version-history":[{"count":0,"href":"https:\/\/velartrip.com\/en\/wp-json\/wp\/v2\/posts\/9013\/revisions"}],"wp:featuredmedia":[{"embeddable":true,"href":"https:\/\/velartrip.com\/en\/wp-json\/wp\/v2\/media\/12910"}],"wp:attachment":[{"href":"https:\/\/velartrip.com\/en\/wp-json\/wp\/v2\/media?parent=9013"}],"wp:term":[{"taxonomy":"category","embeddable":true,"href":"https:\/\/velartrip.com\/en\/wp-json\/wp\/v2\/categories?post=9013"},{"taxonomy":"post_tag","embeddable":true,"href":"https:\/\/velartrip.com\/en\/wp-json\/wp\/v2\/tags?post=9013"}],"curies":[{"name":"wp","href":"https:\/\/api.w.org\/{rel}","templated":true}]}}