{"id":16703,"date":"2025-03-14T21:49:16","date_gmt":"2025-03-14T20:49:16","guid":{"rendered":"https:\/\/velartrip.com\/?p=16703"},"modified":"2025-05-30T23:40:37","modified_gmt":"2025-05-30T21:40:37","slug":"comment-preparer-troisieme-guerre-mondiale","status":"publish","type":"post","link":"https:\/\/velartrip.com\/es\/comment-preparer-troisieme-guerre-mondiale\/","title":{"rendered":"\u00bfC\u00f3mo prepararse para la Tercera Guerra Mundial?"},"content":{"rendered":"<p>En el actual contexto de tensiones geopol\u00edticas, la cuesti\u00f3n de c\u00f3mo prepararse para un posible conflicto global se vuelve m\u00e1s urgente. Entre el<strong>Discursos pol\u00edticos alarmantes e informes medi\u00e1ticos diarios sobre Rusia y Ucrania<\/strong> o el papel de la OTAN, <strong>Europa est\u00e1 en crisis<\/strong>.<\/p>\n\n\n\n<p>Las amenazas que se avecinan, en particular las que provienen de China, nos animan a pensar m\u00e1s en nuestra preparaci\u00f3n individual y colectiva para este tipo de escenarios cr\u00edticos.<\/p>\n\n\n\n<p>De una forma u otra, la idea misma de una guerra nuclear asusta y desaf\u00eda a la gente. Sin embargo, en lugar de dejarse llevar por el p\u00e1nico, es mejor abordar esta situaci\u00f3n con una mente racional. Aqu\u00ed le presentamos algunos consejos para ayudarle a prepararse si sucede lo impensable.<\/p>\n\n\n<style>.kb-table-of-content-nav.kb-table-of-content-id16703_168c85-42 .kb-table-of-content-wrap{padding-top:var(--global-kb-spacing-sm, 1.5rem);padding-right:var(--global-kb-spacing-sm, 1.5rem);padding-bottom:var(--global-kb-spacing-sm, 1.5rem);padding-left:var(--global-kb-spacing-sm, 1.5rem);}.kb-table-of-content-nav.kb-table-of-content-id16703_168c85-42 .kb-table-of-contents-title-wrap{padding-top:0px;padding-right:0px;padding-bottom:0px;padding-left:0px;}.kb-table-of-content-nav.kb-table-of-content-id16703_168c85-42 .kb-table-of-contents-title-wrap{color:var(--global-palette3, #1A202C);}.kb-table-of-content-nav.kb-table-of-content-id16703_168c85-42 .kb-table-of-contents-title{color:var(--global-palette3, #1A202C);font-weight:regular;font-style:normal;}.kb-table-of-content-nav.kb-table-of-content-id16703_168c85-42 .kb-table-of-content-wrap .kb-table-of-content-list{color:#1d16e7;font-weight:regular;font-style:normal;margin-top:var(--global-kb-spacing-sm, 1.5rem);margin-right:0px;margin-bottom:0px;margin-left:0px;}<\/style>\n\n\n<h2 class=\"wp-block-heading\">Comprender los riesgos del conflicto global<\/h2>\n\n\n\n<p>Para prepararse adecuadamente, es esencial comenzar por comprender las ra\u00edces y las posibles consecuencias de estas tensiones. El t\u00e9rmino &quot;conflicto global&quot; evoca im\u00e1genes horrorosas extra\u00eddas de las lecciones de guerras pasadas. Sin embargo, cada \u00e9poca tiene sus propios detonantes y din\u00e1micas que debemos analizar.<\/p>\n\n\n\n<h3 class=\"wp-block-heading\">Conflicto entre Ucrania y Rusia: se negocia un alto el fuego<\/h3>\n\n\n\n<p>El conflicto ruso-ucraniano, que comenz\u00f3 en 2014 con la anexi\u00f3n de Crimea por parte de Rusia y se intensific\u00f3 en 2022 con una invasi\u00f3n a gran escala, sigue generando preocupaciones sobre la estabilidad mundial. Recientemente se han realizado esfuerzos diplom\u00e1ticos para establecer una tregua. <\/p>\n\n\n\n<p>El presidente ucraniano, Volodymyr Zelensky, acept\u00f3 una propuesta estadounidense de un alto el fuego de 30 d\u00edas durante las negociaciones en Yeddah, Arabia Saudita. Sin embargo, el presidente ruso, <strong>Vladimir Putin expres\u00f3 reservas<\/strong>, insistiendo en la necesidad de un &quot;arreglo pac\u00edfico duradero&quot; y no s\u00f3lo una tregua temporal.<\/p>\n\n\n\n<p>Estas divergencias en los enfoques de la paz alimentan <strong>temores de una escalada del conflicto<\/strong>. Algunos analistas advierten del riesgo de una tercera guerra mundial si persisten las tensiones. El suministro de armas de largo alcance a Ucrania por parte de pa\u00edses occidentales ha provocado fuertes reacciones de Mosc\u00fa, que cree que estas acciones podr\u00edan conducir a una confrontaci\u00f3n directa con la OTAN.<\/p>\n\n\n\n<p>La situaci\u00f3n sigue siendo, pues, precaria y la comunidad internacional pide negociaciones profundas para lograr una paz duradera, evitando as\u00ed una escalada con consecuencias globales.<\/p>\n\n\n\n<h3 class=\"wp-block-heading\">La amenaza de China a Taiw\u00e1n <\/h3>\n\n\n\n<p>China tambi\u00e9n constituye una parte importante de este tablero de ajedrez internacional. Sus ambiciones econ\u00f3micas y militares a\u00f1aden otra capa a las preocupaciones actuales. Este pa\u00eds alimenta peri\u00f3dicamente debates relacionados con la reserva global de poder militar y econ\u00f3mico. Estos elementos son parte integral de las discusiones estrat\u00e9gicas en torno a la preparaci\u00f3n para la guerra.<\/p>\n\n\n\n<p>La creciente atenci\u00f3n a la regi\u00f3n Asia-Pac\u00edfico demuestra que las estrategias pol\u00edticas globales deben evolucionar constantemente. Comprender estas cuestiones centrales sin duda contribuye a concienciar al mayor n\u00famero posible de personas acerca de las implicaciones de una futura guerra mundial.<\/p>\n\n\n\n<h3 class=\"wp-block-heading\">Las tensiones entre israel\u00edes y palestinos persisten despu\u00e9s del alto el fuego <\/h3>\n\n\n\n<p>Las tensiones entre Israel y la Franja de Gaza controlada por Ham\u00e1s est\u00e1n marcadas por enfrentamientos recurrentes, intercambios de disparos y bloqueos econ\u00f3micos. Estas hostilidades est\u00e1n causando p\u00e9rdidas humanas y una continua crisis humanitaria en Gaza.<\/p>\n\n\n\n<p>Peri\u00f3dicamente se realizan intentos de alto el fuego, a menudo mediados por actores internacionales, para reducir la violencia, pero su sostenibilidad sigue siendo fr\u00e1gil. Las recientes ofertas de Ham\u00e1s para liberar rehenes a cambio de concesiones israel\u00edes ilustran la complejidad de las negociaciones en curso.<\/p>\n\n\n\n<p><a href=\"https:\/\/www.unicef.fr\/article\/israel-palestine-les-enfants-paient-le-prix-de-la-guerre\/\" target=\"_blank\" rel=\"noopener\">La situaci\u00f3n sigue siendo tensa, con constantes riesgos de escalada.<\/a><\/p>\n\n\n\n<h2 class=\"wp-block-heading\">Adoptar medidas eficaces: \u00bfc\u00f3mo estar preparado?<\/h2>\n\n\n\n<p>Prepararse para una cat\u00e1strofe como una guerra mundial requiere un enfoque estructurado y proactivo. A continuaci\u00f3n se presentan algunos pasos esenciales que todos pueden seguir para sentirse mejor preparados ante un peligro potencial:<\/p>\n\n\n\n<ul class=\"wp-block-list\">\n<li><strong>Desarrollar un plan familiar:<\/strong> Comun\u00edquese con sus seres queridos y desarrolle un plan de reunificaci\u00f3n en caso de separaci\u00f3n debido a una emergencia.<\/li>\n\n\n\n<li><strong>Crear un stock:<\/strong> Mantenga suficientes alimentos no perecederos, agua potable y medicamentos esenciales para varias semanas.<\/li>\n\n\n\n<li><strong>Equ\u00edpate:<\/strong> Invierta en equipos de supervivencia como radios a bater\u00eda, linternas, cargadores solares para dispositivos m\u00f3viles, etc.<\/li>\n\n\n\n<li><strong>Capacitaci\u00f3n:<\/strong> Aprenda primeros auxilios y descubra refugios cerca de usted.<\/li>\n<\/ul>\n\n\n\n<p>En Velartrip ofrecemos un kit de supervivencia en caso de Tercera Guerra Mundial:<\/p>\n\n\n<div data-background-color=\"theme-palette9\" data-block-name=\"woocommerce\/featured-product\" data-dim-ratio=\"80\" data-edit-mode=\"false\" data-image-fit=\"cover\" data-overlay-color=\"#e30202\" data-product-id=\"16720\" data-show-desc=\"false\" data-show-price=\"false\" data-style=\"{&quot;elements&quot;:{&quot;link&quot;:{&quot;color&quot;:{&quot;text&quot;:&quot;#fffafa&quot;}}},&quot;color&quot;:{&quot;text&quot;:&quot;#fffafa&quot;},&quot;spacing&quot;:{&quot;padding&quot;:{&quot;top&quot;:&quot;0&quot;,&quot;bottom&quot;:&quot;0&quot;}}}\" class=\"wc-block-featured-product alignnone has-background-dim has-background-dim-80 has-background has-theme-palette9-background-color wp-elements-bf3e1849455abc2fbecd4c8bbbfd2c29 wp-block-woocommerce-featured-product\" style=\"min-height:500px;padding-top:0;padding-bottom:0; color: #fffafa;\"><div class=\"wc-block-featured-product__wrapper\"><div class=\"background-dim__overlay\" style=\"background-color: #e30202\"><\/div><img decoding=\"async\" alt=\"Kit de supervivencia de la Tercera Guerra Mundial\" class=\"wc-block-featured-product__background-image\" src=\"https:\/\/velartrip.com\/wp-content\/uploads\/2025\/03\/S68963b6cbefd41fbad7014643d1f4b80F-1-800x800.webp\" style=\"object-fit: cover;object-position: 50% 50%;\" \/><h2 class=\"wc-block-featured-product__title\">Kit de supervivencia de la Tercera Guerra Mundial<\/h2><h3 class=\"wc-block-featured-product__variation\">Colores: Beige<\/h3><div class=\"wc-block-featured-product__inner-blocks\">\n\n<div class=\"wp-block-buttons is-content-justification-center is-layout-flex wp-container-core-buttons-is-layout-16018d1d wp-block-buttons-is-layout-flex\">\n<div class=\"wp-block-button\"><a class=\"wp-block-button__link wp-element-button\" href=\"https:\/\/velartrip.com\/es\/non class\u00e9\/kit-de-survie-3eme-guerre-mondiale\/?attribute_pa_couleurs=beige\">Comprar ahora<\/a><\/div>\n<\/div>\n\n<\/div><\/div><\/div>\n\n\n<p>Estos pasos garantizan no s\u00f3lo la seguridad f\u00edsica sino tambi\u00e9n la seguridad mental, sabiendo que ha tomado medidas para garantizar su protecci\u00f3n y la de sus seres queridos.<\/p>\n\n\n\n<h2 class=\"wp-block-heading\">Miremos m\u00e1s all\u00e1: perspectivas geopol\u00edticas<\/h2>\n\n\n\n<p>Europa, en el centro de estas crisis, debe desempe\u00f1ar un papel de liderazgo fortaleciendo al mismo tiempo sus alianzas tradicionales. Adem\u00e1s del apoyo de la OTAN, esto a menudo implica revisar algunas pol\u00edticas exteriores potencialmente confusas.<\/p>\n\n\n\n<p>La interconexi\u00f3n actual implica que ninguna crisis est\u00e1 contenida. Cada movimiento estrat\u00e9gico tiene el potencial de desencadenar reacciones en cadena que pueden conducir a cambios significativos en el orden mundial existente.<\/p>\n\n\n\n<h3 class=\"wp-block-heading\">Discursos pol\u00edticos e impactos globales<\/h3>\n\n\n\n<p>Las palabras tienen un peso enorme en el clima pol\u00edtico actual. <strong>Todo discurso pol\u00edtico pronunciado por l\u00edderes o figuras influyentes <\/strong>Debe interpretarse con cuidado porque podr\u00eda influir significativamente en la opini\u00f3n p\u00fablica y, por tanto, orientar futuras acciones internacionales en nuevas direcciones.<\/p>\n\n\n\n<p>Aunque para algunos sean inherentemente abstractos, estos discursos configuran nuestras realidades cuando alimentan directamente controversias o disipan tensiones preexistentes. A largo plazo, su impacto combinado podr\u00eda precipitar o evitar desastres mayores.<\/p>\n\n\n\n<h2 class=\"wp-block-heading\">El impacto socioecon\u00f3mico de una guerra mundial<\/h2>\n\n\n\n<p>Anticipar las posibles consecuencias econ\u00f3micas y sociales de un conflicto armado mundial es esencial. <strong>La difusi\u00f3n de informaci\u00f3n que genera ansiedad<\/strong> Tambi\u00e9n podr\u00eda tener un efecto domin\u00f3 significativo en los mercados globales debilitados por la reciente pandemia.<\/p>\n\n\n\n<p>Con el colapso de las econom\u00edas nacionales, surgir\u00e1 la cuesti\u00f3n fundamental del abastecimiento diario b\u00e1sico. Los valores fluct\u00faan peligrosamente dependiendo del grado percibido de inestabilidad institucional o pol\u00edtica. Muchos expertos ya anticipan posibles repercusiones directas e indirectas.<\/p>\n\n\n\n<h3 class=\"wp-block-heading\">Optimizando sus recursos antes de la tormenta<\/h3>\n\n\n\n<p>Gestionar sabiamente el presupuesto se vuelve esencial ante las inminentes incertidumbres econ\u00f3micas a menudo derivadas de tensiones internacionales. Por ejemplo, reestructurar sus gastos dom\u00e9sticos tanto como sea posible sin duda le ayudar\u00e1 a superar diversas tormentas financieras subyacentes futuras.<\/p>\n\n\n\n<p>Tampoco olvidemos la necesidad impl\u00edcita (a veces incluso audaz) de diversificar las fuentes habituales de ingresos si surgen nuevas oportunidades localmente o no a pesar de estas tormentas pragm\u00e1ticas previstas.<\/p>\n\n\n\n<h2 class=\"wp-block-heading\">Cultura y resiliencia humana<\/h2>\n\n\n\n<p>Si esta conversaci\u00f3n a veces parece demasiado seria o abstracta, recuerde que un elemento vital que sustenta a cualquier sociedad resiliente a menudo reside colectivamente en su propia cultura. Cuando surge una incertidumbre duradera, muchos buscan con valent\u00eda su fuerza psicol\u00f3gica interior en las tradiciones ancestrales, que revisan cuando es necesario.<\/p>\n\n\n\n<p>Con esta perspectiva constructiva y positiva, desarrollemos juntos una solidaridad transfronteriza inclusiva. Se trata realmente de resolver conflictos importantes y navegar evitando repeticiones tr\u00e1gicas del pasado. Actuemos como agentes de un cambio decidido y no como espectadores condenados al fatalismo eterno.<\/p>","protected":false},"excerpt":{"rendered":"<p>En el actual contexto de tensiones geopol\u00edticas, la cuesti\u00f3n de c\u00f3mo prepararse para un posible conflicto global se vuelve m\u00e1s urgente. Entre discursos pol\u00edticos alarmantes e informes diarios de los medios de comunicaci\u00f3n sobre Rusia, Ucrania y el papel de la OTAN, Europa est\u00e1 en crisis. Las amenazas que se avecinan, en particular aquellas\u2026<\/p>","protected":false},"author":1,"featured_media":0,"comment_status":"closed","ping_status":"closed","sticky":false,"template":"","format":"standard","meta":{"_kad_blocks_custom_css":"","_kad_blocks_head_custom_js":"","_kad_blocks_body_custom_js":"","_kad_blocks_footer_custom_js":"","_kad_post_transparent":"","_kad_post_title":"","_kad_post_layout":"","_kad_post_sidebar_id":"","_kad_post_content_style":"","_kad_post_vertical_padding":"","_kad_post_feature":"","_kad_post_feature_position":"","_kad_post_header":false,"_kad_post_footer":false,"_kad_post_classname":"","footnotes":""},"categories":[],"tags":[],"class_list":["post-16703","post","type-post","status-publish","format-standard","hentry"],"taxonomy_info":[],"featured_image_src_large":false,"author_info":{"display_name":"VelarTrip","author_link":"https:\/\/velartrip.com\/es\/author\/velartrip\/"},"comment_info":0,"category_info":[],"tag_info":false,"_links":{"self":[{"href":"https:\/\/velartrip.com\/es\/wp-json\/wp\/v2\/posts\/16703","targetHints":{"allow":["GET"]}}],"collection":[{"href":"https:\/\/velartrip.com\/es\/wp-json\/wp\/v2\/posts"}],"about":[{"href":"https:\/\/velartrip.com\/es\/wp-json\/wp\/v2\/types\/post"}],"author":[{"embeddable":true,"href":"https:\/\/velartrip.com\/es\/wp-json\/wp\/v2\/users\/1"}],"replies":[{"embeddable":true,"href":"https:\/\/velartrip.com\/es\/wp-json\/wp\/v2\/comments?post=16703"}],"version-history":[{"count":0,"href":"https:\/\/velartrip.com\/es\/wp-json\/wp\/v2\/posts\/16703\/revisions"}],"wp:attachment":[{"href":"https:\/\/velartrip.com\/es\/wp-json\/wp\/v2\/media?parent=16703"}],"wp:term":[{"taxonomy":"category","embeddable":true,"href":"https:\/\/velartrip.com\/es\/wp-json\/wp\/v2\/categories?post=16703"},{"taxonomy":"post_tag","embeddable":true,"href":"https:\/\/velartrip.com\/es\/wp-json\/wp\/v2\/tags?post=16703"}],"curies":[{"name":"wp","href":"https:\/\/api.w.org\/{rel}","templated":true}]}}