{"id":10693,"date":"2021-07-26T17:40:30","date_gmt":"2021-07-26T17:40:30","guid":{"rendered":"https:\/\/velartrip.com\/?p=10693"},"modified":"2025-05-30T23:40:47","modified_gmt":"2025-05-30T21:40:47","slug":"comment-remplir-etiquette-bagage-avion","status":"publish","type":"post","link":"https:\/\/velartrip.com\/it\/comment-remplir-etiquette-bagage-avion\/","title":{"rendered":"Come si compila l'etichetta del bagaglio per l'aereo?"},"content":{"rendered":"\n<p>Vous partez prochainement en voyage et vous ne savez pas comment compl\u00e9ter vos \u00e9tiquettes ?<\/p>\n\n\n\n<p>\u00c9tiqueter ses valises est obligatoire pour vos voyages en avion ou en train, une information manquante et c&rsquo;est toute une valise qui peut se retrouver saisie ou m\u00eame pire d\u00e9truite par les services de s\u00e9curit\u00e9 ! <\/p>\n\n\n\n<p>Mais ne vous inqui\u00e9tez pas, nous sommes sp\u00e9cialis\u00e9s sur ce sujet et nous allons r\u00e9pondre \u00e0 toutes vos interrogations sur ce sujet. <\/p>\n\n\n\n<p>Dans cet article, nous allons voir : <\/p>\n\n\n\n<p>&#8211; Qu&rsquo;est-ce qu&rsquo;il faut \u00e9crire sur une \u00e9tiquette pour valise ? <\/p>\n\n\n\n<p>&#8211; Ou mettre son \u00e9tiquette pour bagage ?<\/p>\n\n\n\n<p> Assez perdu de temps, rentrons dans le vif du sujet !  <\/p>\n\n\n\n<h2 class=\"has-text-color wp-block-heading\" style=\"color:#82d5c7\"><meta charset=\"utf-8\"> \u00c0 quoi servent les \u00e9tiquettes \u00e0 bagages ?<\/h2>\n\n\n\n<p>La raison pourrait vous surprendre ! Tr\u00e8s souvent, <a href=\"http:\/\/air-indemnite.com\/fr\/vol-surbooke#:~:text=Il s&#039;agit d&#039;un,appareils avec des si\u00e8ges vides.(ouvre un nouvel onglet)\" target=\"_blank\" rel=\"noopener\">les compagnies a\u00e9riennes \u00e0 bas prix cherchent \u00e0 surbooker leurs vols <\/a>et autorisent un trop grand nombre de bagages \u00e0 main dans l&rsquo;avion. Naturellement, les compartiments sup\u00e9rieurs ne pourront pas contenir tout ce que les passagers apportent dans l&rsquo;avion.<\/p>\n\n\n\n<p><meta charset=\"utf-8\">Dans ce cas, les compagnies a\u00e9riennes demandent \u00e0 certains passagers d&rsquo;enregistrer gratuitement leurs bagages \u00e0 main. Et s&rsquo;il est enregistr\u00e9, il risque de se perdre. De m\u00eame, vous pouvez oublier votre bagage \u00e0 main \u00e0 l&rsquo;arri\u00e8re d&rsquo;un taxi ou \u00e0 l&rsquo;h\u00f4tel, alors avoir des \u00e9tiquettes pour identifier vos bagages est un excellent moyen d&rsquo;\u00e9viter d&rsquo;\u00e9ventuelles complications.<\/p>\n\n\n\n<p>Les \u00e9tiquettes \u00e0 bagages jouent un r\u00f4le important dans la recherche des bagages perdus. C&rsquo;est l&rsquo;un des <strong>accessoires les plus importants \u00e0 poss\u00e9der<\/strong> lorsqu&rsquo;on voyage.<\/p>\n\n\n\n<p>En effet, lorsqu&rsquo;un bagage est \u00e9gar\u00e9, c&rsquo;est g\u00e9n\u00e9ralement parce que l&rsquo;\u00e9tiquette en plastique qui identifie votre valise a \u00e9t\u00e9 arrach\u00e9e. Cela peut arriver assez facilement pendant le transit entre diff\u00e9rents a\u00e9roports. Le code-barres figurant sur l&rsquo;\u00e9tiquette indique \u00e0 qui appartient la valise, o\u00f9 elle est cens\u00e9e se trouver et d&rsquo;autres <strong>informations importantes.<\/strong> Si cette \u00e9tiquette est retir\u00e9e du bagage, les compagnies a\u00e9riennes ne peuvent plus identifier son propri\u00e9taire ni sa destination.<\/p>\n\n\n\n<p>C&rsquo;est pourquoi il est important d&rsquo;apposer une \u00e9tiquette \u00e0 bagages distincte comportant toutes les informations n\u00e9cessaires pour garantir que vos <strong>bagages arrivent \u00e0 destination<\/strong>. En m\u00eame temps, il ne faut pas r\u00e9v\u00e9ler trop d&rsquo;informations personnelles au cas o\u00f9 votre valise serait vol\u00e9e. Dans cet article, nous vous dirons exactement ce que vous <strong>devez et \u00e9viter d&rsquo;\u00e9crire sur vos \u00e9tiquettes de bagage<\/strong>.<\/p>\n\n\n\n<h2 class=\"has-text-color wp-block-heading\" style=\"color:#82d5c7\">Que faut-il \u00e9crire sur ses \u00e9tiquettes pour valise ?<\/h2>\n\n\n\n<p>Pour les bagages enregistr\u00e9s et les bagages \u00e0 main, votre \u00e9tiquette de bagage doit contenir les informations suivantes :<\/p>\n\n\n\n<ul class=\"wp-block-list\"><li><strong>Votre nom et votre pr\u00e9nom<\/strong>, avec votre pr\u00e9nom raccourci \u00e0 une lettre.<\/li><\/ul>\n\n\n\n<ul class=\"wp-block-list\"><li>Votre<strong> adresse \u00e9lectronique<\/strong> doit figurer sur la ligne suivante. (conseil : utilisez une adresse \u00e9lectronique secondaire pour \u00e9viter les tentatives d&rsquo;hame\u00e7onnage en cas de perte de votre bagage.)<\/li><\/ul>\n\n\n\n<ul class=\"wp-block-list\"><li><strong>Votre num\u00e9ro de t\u00e9l\u00e9phone portable<\/strong> avec le pays et l&rsquo;indicatif r\u00e9gional appropri\u00e9s (exemple : +33 pour la France).<\/li><\/ul>\n\n\n\n<figure class=\"wp-block-image size-full\"><img loading=\"lazy\" decoding=\"async\" width=\"1000\" height=\"800\" src=\"https:\/\/velartrip.com\/wp-content\/uploads\/2021\/07\/Mr-JEAN-DUPONT.jpeg\" alt=\"quoi mettre sur \u00e9tiquette bagage\" class=\"wp-image-13946\" srcset=\"https:\/\/velartrip.com\/wp-content\/uploads\/2021\/07\/Mr-JEAN-DUPONT.jpeg 1000w, https:\/\/velartrip.com\/wp-content\/uploads\/2021\/07\/Mr-JEAN-DUPONT-500x400.jpeg 500w, https:\/\/velartrip.com\/wp-content\/uploads\/2021\/07\/Mr-JEAN-DUPONT-768x614.jpeg 768w, https:\/\/velartrip.com\/wp-content\/uploads\/2021\/07\/Mr-JEAN-DUPONT-800x640.jpeg 800w\" sizes=\"auto, (max-width: 1000px) 100vw, 1000px\" \/><\/figure>\n\n\n\n<p>Dans l&rsquo;image ci-dessus, nous avons montr\u00e9 un exemple de ce que <strong>vous devez \u00e9crire sur votre \u00e9tiquette de bagage<\/strong>. Comme vous pouvez le constater, nous n&rsquo;avons d\u00e9lib\u00e9r\u00e9ment inclus que les informations les plus essentielles pour entrer en contact avec vous. L&rsquo;\u00e9tiquette \u00e0 bagages \u00e9tant <strong>fix\u00e9e \u00e0 l&rsquo;ext\u00e9rieur de votre sac<\/strong>, vous devez faire attention aux informations que vous communiquez.<\/p>\n\n\n\n<h2 class=\"has-text-color wp-block-heading\" style=\"color:#82d5c7\">Que faut-il \u00e9crire sur les \u00e9tiquettes des bagages de votre enfant ?<\/h2>\n\n\n\n<p>Pour des raisons de s\u00e9curit\u00e9, <strong>\u00e9vitez d&rsquo;inscrire le nom de votre enfant<\/strong> sur l&rsquo;\u00e9tiquette de son bagage. \u00c9crivez plut\u00f4t votre propre nom et vos coordonn\u00e9es et ajoutez un num\u00e9ro de t\u00e9l\u00e9phone portable au cas o\u00f9. <\/p>\n\n\n\n<p>Il est important de prot\u00e9ger l&rsquo;identit\u00e9 de vos enfants !<\/p>\n\n\n\n<p>Vous devez \u00e9galement inclure plus d&rsquo;une \u00e9tiquette de bagage. Par exemple, si votre enfant a un sac \u00e0 dos et une valise, il est bon de <strong>mettre une \u00e9tiquette dans la valise<\/strong>, une dans le sac \u00e0 dos et une dans sa poche. Cela vous permettra de retrouver votre enfant en cas de s\u00e9paration.<\/p>\n\n\n\n<h2 class=\"has-text-color wp-block-heading\" style=\"color:#82d5c7\">\u00c9tiquette bagage : ce qu&rsquo;il ne faut pas \u00e9crire ?<\/h2>\n\n\n\n<p>N&rsquo;inscrivez <strong>jamais l&rsquo;adresse de votre domicile <\/strong>sur vos \u00e9tiquettes !<\/p>\n\n\n\n<p>Beaucoup de voyageurs <strong>inscrivent l&rsquo;adresse et le num\u00e9ro de t\u00e9l\u00e9phone de leur domicile <\/strong>sur l&rsquo;\u00e9tiquette de leurs bagages. Ce n&rsquo;est <strong>pas une bonne id\u00e9e<\/strong>, car on ne sait jamais qui cherche les informations d&rsquo;autrui. Le vol d&rsquo;objets personnels ou m\u00eame de votre identit\u00e9 commence lorsque nous ne faisons pas attention aux informations que nous diffusons dans ce monde !<\/p>\n\n\n\n<p>Ce type d&rsquo;information est exactement ce que les voleurs veulent !<\/p>\n\n\n\n<p>D\u00e9valiser une maison vide pendant que ses propri\u00e9taires sont en vacances est aussi facile que de prendre des bonbons \u00e0 un enfant. Comme l&rsquo;\u00e9tiquette de votre bagage est fix\u00e9e \u00e0 l&rsquo;ext\u00e9rieur de votre valise, des voleurs potentiels pourraient facilement prendre une photo de votre \u00e9tiquette et cambrioler votre maison durant votre absence.<\/p>\n\n\n\n<p>C&rsquo;est pourquoi vous ne devez pas y inscrire l&rsquo;adresse de votre domicile, le num\u00e9ro de t\u00e9l\u00e9phone de votre domicile ou l&rsquo;adresse de vos amis. N&rsquo;indiquez que vos coordonn\u00e9es et rien d&rsquo;autre. Pendant que nous y sommes, cessons \u00e9galement d&rsquo;\u00e9crire des choses comme \u00ab\u00a0Je serai en vacances durant les deux prochaines semaines\u00a0\u00bb sur votre timeline Facebook. <\/p>\n\n\n\n<p>Nous vivons \u00e0 l&rsquo;\u00e8re des m\u00e9dias sociaux et beaucoup de gens ont tendance \u00e0 trop partager d&rsquo;informations, s&rsquo;exposant ainsi au danger.<\/p>\n\n\n\n<figure class=\"wp-block-image size-full is-style-default\"><a href=\"https:\/\/velartrip.com\/etiquettes-bagages\/\"><img loading=\"lazy\" decoding=\"async\" width=\"1000\" height=\"500\" src=\"https:\/\/velartrip.com\/wp-content\/uploads\/2022\/07\/Copie-de-Prote\u0301gez-vos-valises.jpeg\" alt=\"\" class=\"wp-image-13943\" srcset=\"https:\/\/velartrip.com\/wp-content\/uploads\/2022\/07\/Copie-de-Prote\u0301gez-vos-valises.jpeg 1000w, https:\/\/velartrip.com\/wp-content\/uploads\/2022\/07\/Copie-de-Prote\u0301gez-vos-valises-800x400.jpeg 800w, https:\/\/velartrip.com\/wp-content\/uploads\/2022\/07\/Copie-de-Prote\u0301gez-vos-valises-768x384.jpeg 768w, https:\/\/velartrip.com\/wp-content\/uploads\/2022\/07\/Copie-de-Prote\u0301gez-vos-valises-500x250.jpeg 500w\" sizes=\"auto, (max-width: 1000px) 100vw, 1000px\" \/><\/a><\/figure>\n\n\n\n<h2 class=\"has-text-color wp-block-heading\" style=\"color:#82d5c7\">Quel est le meilleur endroit pour fixer une \u00e9tiquette \u00e0 bagages ?<\/h2>\n\n\n\n<figure class=\"wp-block-image size-full\"><img loading=\"lazy\" decoding=\"async\" width=\"1000\" height=\"500\" src=\"https:\/\/velartrip.com\/wp-content\/uploads\/2021\/07\/etiquette-bagage-accroche\u0301e.jpeg\" alt=\"etiquette bagage accroch\u00e9e\" class=\"wp-image-13955\" srcset=\"https:\/\/velartrip.com\/wp-content\/uploads\/2021\/07\/etiquette-bagage-accroche\u0301e.jpeg 1000w, https:\/\/velartrip.com\/wp-content\/uploads\/2021\/07\/etiquette-bagage-accroche\u0301e-800x400.jpeg 800w, https:\/\/velartrip.com\/wp-content\/uploads\/2021\/07\/etiquette-bagage-accroche\u0301e-768x384.jpeg 768w\" sizes=\"auto, (max-width: 1000px) 100vw, 1000px\" \/><\/figure>\n\n\n\n<p>Si votre valise est \u00e9quip\u00e9e d&rsquo;une serrure, il est pr\u00e9f\u00e9rable de fixer l&rsquo;\u00e9tiquette \u00e0 l&rsquo;ext\u00e9rieur de la valise. Les meilleurs endroits pour <strong>attacher votre \u00e9tiquette<\/strong> sont g\u00e9n\u00e9ralement <strong>autour de la poign\u00e9e sup\u00e9rieure ou lat\u00e9rale<\/strong>, afin qu&rsquo;elle soit plus visible. Certaines valises sont \u00e9quip\u00e9es de supports d&rsquo;\u00e9tiquettes \u00e0 bagages \u00e0 l&rsquo;arri\u00e8re, ce qui est plus pratique, car elles ne peuvent pas \u00eatre d\u00e9tach\u00e9es du sac.<\/p>\n\n\n\n<p>Toutefois, si votre valise n&rsquo;est pas ferm\u00e9e \u00e0 cl\u00e9, vous pouvez simplement y placer votre \u00e9tiquette. Veillez simplement \u00e0 la placer \u00e0 un endroit o\u00f9 vous pourrez la rep\u00e9rer rapidement, par exemple dans la poche en filet zipp\u00e9e du compartiment principal. <\/p>\n\n\n\n<p>Fixer une \u00e9tiquette \u00e0 bagage dans le compartiment principal est sans doute encore mieux, car elle ne peut pas \u00eatre perdue accidentellement et les autres personnes ne la verront pas lorsque vous \u00eates dans un espace public.<\/p>\n\n\n\n<h2 class=\"has-text-color wp-block-heading\" style=\"color:#82d5c7\">Choisissez une \u00e9tiquette qui vous ressemble !<\/h2>\n\n\n\n<p>Maintenant que vous avez toutes les informations n\u00e9cessaires pour voyager en toute s\u00e9curit\u00e9, nous nous devions de vous conseiller <a href=\"https:\/\/velartrip.com\/ou-trouver-etiquettes-bagages\/\">les meilleurs endroits pour trouver son \u00e9tiquette<\/a>. En m\u00e9tal ou en similicuir, vous aurez l&#8217;embarras du choix pour distinguer votre valise du reste des voyageurs. \ud83d\ude09<\/p>\n\n\n<div data-align-buttons=\"true\" data-block-name=\"woocommerce\/product-category\" data-categories=\"[397]\" data-columns=\"4\" data-content-visibility=\"{&quot;title&quot;:true,&quot;price&quot;:true,&quot;rating&quot;:false,&quot;button&quot;:true}\" data-orderby=\"popularity\" data-rows=\"2\" class=\"wc-block-grid wp-block-product-category wp-block-woocommerce-product-category wc-block-product-category has-4-columns has-multiple-rows has-aligned-buttons\"><ul class=\"wc-block-grid__products\"><li class=\"wc-block-grid__product entry loop-entry content-bg woo-archive-action-on-hover woo-archive-btn-text product-loop-unboxed woo-archive-image-hover-fade\"><a href=\"https:\/\/velartrip.com\/it\/accessoires-pour-valise\/etiquettes-bagages\/etiquette-valise-avion-aventurier\/\" class=\"wc-block-grid__product-link woocommerce-loop-image-link woocommerce-LoopProduct-link woocommerce-loop-product__link\">\n\t\t\t\t\t<img loading=\"lazy\" decoding=\"async\" width=\"600\" height=\"600\" src=\"https:\/\/velartrip.com\/wp-content\/uploads\/2022\/05\/97-2.jpg\" class=\"attachment-woocommerce_thumbnail size-woocommerce_thumbnail\" alt=\"\u00c9tiquette Bagage Let&#039;s Be Adventurers\" srcset=\"https:\/\/velartrip.com\/wp-content\/uploads\/2022\/05\/97-2.jpg 800w, https:\/\/velartrip.com\/wp-content\/uploads\/2022\/05\/97-2-247x247.jpg 247w, https:\/\/velartrip.com\/wp-content\/uploads\/2022\/05\/97-2-100x100.jpg 100w, https:\/\/velartrip.com\/wp-content\/uploads\/2022\/05\/97-2-400x400.jpg 400w, https:\/\/velartrip.com\/wp-content\/uploads\/2022\/05\/97-2-280x280.jpg 280w, https:\/\/velartrip.com\/wp-content\/uploads\/2022\/05\/97-2-500x500.jpg 500w, https:\/\/velartrip.com\/wp-content\/uploads\/2022\/05\/97-2-228x228.jpg 228w, https:\/\/velartrip.com\/wp-content\/uploads\/2022\/05\/97-2-114x114.jpg 114w, https:\/\/velartrip.com\/wp-content\/uploads\/2022\/05\/97-2-266x266.jpg 266w, https:\/\/velartrip.com\/wp-content\/uploads\/2022\/05\/97-2-133x133.jpg 133w\" sizes=\"auto, (max-width: 600px) 100vw, 600px\" \/>\n\t\t\t\t\t\n\t\t\t\t<\/a>\n\t\t\t\t<div class=\"product-details content-bg entry-content-wrap\">\n\t\t\t\t\t<a href=\"https:\/\/velartrip.com\/it\/accessoires-pour-valise\/etiquettes-bagages\/etiquette-valise-avion-aventurier\/\" class=\"wc-block-grid__product-title-link\">\n\t\t\t\t\t\t<div class=\"wc-block-grid__product-title\">\u00c9tiquette Bagage  Let&rsquo;s Be Adventurers<\/div>\n\t\t\t\t\t<\/a>\n\t\t\t\t\t\n\t\t\t\t\t<div class=\"wc-block-grid__product-price price\"><span class=\"woocommerce-Price-amount amount\">9,50<span class=\"woocommerce-Price-currencySymbol\">&euro;<\/span><\/span><\/div>\n\t\t\t\t\t<div class=\"wp-block-button wc-block-grid__product-add-to-cart\"><a href=\"\/it\/wp-json\/wp\/v2\/posts\/10693?add-to-cart=6431\" aria-label=\"Aggiungi al carrello: &quot;\u00c9tiquette Bagage  Let&#039;s Be Adventurers&quot;\" data-quantity=\"1\" data-product_id=\"6431\" data-product_sku=\"14:350850#Style 6\" rel=\"nofollow\" class=\"wp-block-button__link add_to_cart_button ajax_add_to_cart\">Ajouter au panier<span class=\"kadence-svg-iconset svg-baseline\"><svg aria-hidden=\"true\" class=\"kadence-svg-icon kadence-arrow-right-alt-svg\" fill=\"currentColor\" version=\"1.1\" xmlns=\"http:\/\/www.w3.org\/2000\/svg\" width=\"27\" height=\"28\" viewBox=\"0 0 27 28\"><title>Continua<\/title><path d=\"M27 13.953c0 0.141-0.063 0.281-0.156 0.375l-6 5.531c-0.156 0.141-0.359 0.172-0.547 0.094-0.172-0.078-0.297-0.25-0.297-0.453v-3.5h-19.5c-0.281 0-0.5-0.219-0.5-0.5v-3c0-0.281 0.219-0.5 0.5-0.5h19.5v-3.5c0-0.203 0.109-0.375 0.297-0.453s0.391-0.047 0.547 0.078l6 5.469c0.094 0.094 0.156 0.219 0.156 0.359v0z\"><\/path>\n\t\t\t\t<\/svg><\/span><span class=\"kadence-svg-iconset svg-baseline\"><svg class=\"kadence-svg-icon kadence-spinner-svg\" fill=\"currentColor\" version=\"1.1\" xmlns=\"http:\/\/www.w3.org\/2000\/svg\" width=\"16\" height=\"16\" viewBox=\"0 0 16 16\"><title>Caricando<\/title><path d=\"M16 6h-6l2.243-2.243c-1.133-1.133-2.64-1.757-4.243-1.757s-3.109 0.624-4.243 1.757c-1.133 1.133-1.757 2.64-1.757 4.243s0.624 3.109 1.757 4.243c1.133 1.133 2.64 1.757 4.243 1.757s3.109-0.624 4.243-1.757c0.095-0.095 0.185-0.192 0.273-0.292l1.505 1.317c-1.466 1.674-3.62 2.732-6.020 2.732-4.418 0-8-3.582-8-8s3.582-8 8-8c2.209 0 4.209 0.896 5.656 2.344l2.343-2.344v6z\"><\/path>\n\t\t\t\t<\/svg><\/span><span class=\"kadence-svg-iconset svg-baseline\"><svg class=\"kadence-svg-icon kadence-check-svg\" fill=\"currentColor\" version=\"1.1\" xmlns=\"http:\/\/www.w3.org\/2000\/svg\" width=\"16\" height=\"16\" viewBox=\"0 0 16 16\"><title>Fatto<\/title><path d=\"M14 2.5l-8.5 8.5-3.5-3.5-1.5 1.5 5 5 10-10z\"><\/path>\n\t\t\t\t<\/svg><\/span><\/a><\/div>\n\t\t\t\t<\/div>\n\t\t\t<\/li><li class=\"wc-block-grid__product entry loop-entry content-bg woo-archive-action-on-hover woo-archive-btn-text product-loop-unboxed woo-archive-image-hover-fade\"><a href=\"https:\/\/velartrip.com\/it\/accessoires-pour-valise\/etiquettes-bagages\/etiquette-bagage-avion-fluo\/\" class=\"wc-block-grid__product-link woocommerce-loop-image-link woocommerce-LoopProduct-link woocommerce-loop-product__link\">\n\t\t\t\t\t<img loading=\"lazy\" decoding=\"async\" width=\"600\" height=\"600\" src=\"https:\/\/velartrip.com\/wp-content\/uploads\/2022\/05\/Sans-titre-20.jpg\" class=\"attachment-woocommerce_thumbnail size-woocommerce_thumbnail\" alt=\"\u00c9tiquette Bagage Do Not Touch My Luggage\" srcset=\"https:\/\/velartrip.com\/wp-content\/uploads\/2022\/05\/Sans-titre-20.jpg 800w, https:\/\/velartrip.com\/wp-content\/uploads\/2022\/05\/Sans-titre-20-247x247.jpg 247w, https:\/\/velartrip.com\/wp-content\/uploads\/2022\/05\/Sans-titre-20-100x100.jpg 100w, https:\/\/velartrip.com\/wp-content\/uploads\/2022\/05\/Sans-titre-20-400x400.jpg 400w, https:\/\/velartrip.com\/wp-content\/uploads\/2022\/05\/Sans-titre-20-280x280.jpg 280w, https:\/\/velartrip.com\/wp-content\/uploads\/2022\/05\/Sans-titre-20-500x500.jpg 500w, https:\/\/velartrip.com\/wp-content\/uploads\/2022\/05\/Sans-titre-20-228x228.jpg 228w, https:\/\/velartrip.com\/wp-content\/uploads\/2022\/05\/Sans-titre-20-114x114.jpg 114w, https:\/\/velartrip.com\/wp-content\/uploads\/2022\/05\/Sans-titre-20-266x266.jpg 266w, https:\/\/velartrip.com\/wp-content\/uploads\/2022\/05\/Sans-titre-20-133x133.jpg 133w\" sizes=\"auto, (max-width: 600px) 100vw, 600px\" \/>\n\t\t\t\t\t\n\t\t\t\t<\/a>\n\t\t\t\t<div class=\"product-details content-bg entry-content-wrap\">\n\t\t\t\t\t<a href=\"https:\/\/velartrip.com\/it\/accessoires-pour-valise\/etiquettes-bagages\/etiquette-bagage-avion-fluo\/\" class=\"wc-block-grid__product-title-link\">\n\t\t\t\t\t\t<div class=\"wc-block-grid__product-title\">\u00c9tiquette Bagage  Do Not Touch My Luggage<\/div>\n\t\t\t\t\t<\/a>\n\t\t\t\t\t\n\t\t\t\t\t<div class=\"wc-block-grid__product-price price\"><span class=\"woocommerce-Price-amount amount\">9,50<span class=\"woocommerce-Price-currencySymbol\">&euro;<\/span><\/span><\/div>\n\t\t\t\t\t<div class=\"wp-block-button wc-block-grid__product-add-to-cart\"><a href=\"\/it\/wp-json\/wp\/v2\/posts\/10693?add-to-cart=6318\" aria-label=\"Aggiungi al carrello: &quot;\u00c9tiquette Bagage  Do Not Touch My Luggage&quot;\" data-quantity=\"1\" data-product_id=\"6318\" data-product_sku=\"12688855-24\" rel=\"nofollow\" class=\"wp-block-button__link add_to_cart_button ajax_add_to_cart\">Ajouter au panier<span class=\"kadence-svg-iconset svg-baseline\"><svg aria-hidden=\"true\" class=\"kadence-svg-icon kadence-arrow-right-alt-svg\" fill=\"currentColor\" version=\"1.1\" xmlns=\"http:\/\/www.w3.org\/2000\/svg\" width=\"27\" height=\"28\" viewBox=\"0 0 27 28\"><title>Continua<\/title><path d=\"M27 13.953c0 0.141-0.063 0.281-0.156 0.375l-6 5.531c-0.156 0.141-0.359 0.172-0.547 0.094-0.172-0.078-0.297-0.25-0.297-0.453v-3.5h-19.5c-0.281 0-0.5-0.219-0.5-0.5v-3c0-0.281 0.219-0.5 0.5-0.5h19.5v-3.5c0-0.203 0.109-0.375 0.297-0.453s0.391-0.047 0.547 0.078l6 5.469c0.094 0.094 0.156 0.219 0.156 0.359v0z\"><\/path>\n\t\t\t\t<\/svg><\/span><span class=\"kadence-svg-iconset svg-baseline\"><svg class=\"kadence-svg-icon kadence-spinner-svg\" fill=\"currentColor\" version=\"1.1\" xmlns=\"http:\/\/www.w3.org\/2000\/svg\" width=\"16\" height=\"16\" viewBox=\"0 0 16 16\"><title>Caricando<\/title><path d=\"M16 6h-6l2.243-2.243c-1.133-1.133-2.64-1.757-4.243-1.757s-3.109 0.624-4.243 1.757c-1.133 1.133-1.757 2.64-1.757 4.243s0.624 3.109 1.757 4.243c1.133 1.133 2.64 1.757 4.243 1.757s3.109-0.624 4.243-1.757c0.095-0.095 0.185-0.192 0.273-0.292l1.505 1.317c-1.466 1.674-3.62 2.732-6.020 2.732-4.418 0-8-3.582-8-8s3.582-8 8-8c2.209 0 4.209 0.896 5.656 2.344l2.343-2.344v6z\"><\/path>\n\t\t\t\t<\/svg><\/span><span class=\"kadence-svg-iconset svg-baseline\"><svg class=\"kadence-svg-icon kadence-check-svg\" fill=\"currentColor\" version=\"1.1\" xmlns=\"http:\/\/www.w3.org\/2000\/svg\" width=\"16\" height=\"16\" viewBox=\"0 0 16 16\"><title>Fatto<\/title><path d=\"M14 2.5l-8.5 8.5-3.5-3.5-1.5 1.5 5 5 10-10z\"><\/path>\n\t\t\t\t<\/svg><\/span><\/a><\/div>\n\t\t\t\t<\/div>\n\t\t\t<\/li><li class=\"wc-block-grid__product entry loop-entry content-bg woo-archive-action-on-hover woo-archive-btn-text product-loop-unboxed woo-archive-image-hover-fade\"><a href=\"https:\/\/velartrip.com\/it\/accessoires-pour-valise\/etiquettes-bagages\/etiquette-bagage-travel\/\" class=\"wc-block-grid__product-link woocommerce-loop-image-link woocommerce-LoopProduct-link woocommerce-loop-product__link product-has-hover-image\">\n\t\t\t\t\t<img loading=\"lazy\" decoding=\"async\" width=\"600\" height=\"600\" src=\"https:\/\/velartrip.com\/wp-content\/uploads\/2020\/06\/68-768x768.jpg\" class=\"attachment-woocommerce_thumbnail size-woocommerce_thumbnail\" alt=\"etiquette bagage travel velartrip\" srcset=\"https:\/\/velartrip.com\/wp-content\/uploads\/2020\/06\/68-768x768.jpg 768w, https:\/\/velartrip.com\/wp-content\/uploads\/2020\/06\/68-247x247.jpg 247w, https:\/\/velartrip.com\/wp-content\/uploads\/2020\/06\/68-100x100.jpg 100w, https:\/\/velartrip.com\/wp-content\/uploads\/2020\/06\/68-400x400.jpg 400w, https:\/\/velartrip.com\/wp-content\/uploads\/2020\/06\/68-280x280.jpg 280w, https:\/\/velartrip.com\/wp-content\/uploads\/2020\/06\/68-510x510.jpg 510w, https:\/\/velartrip.com\/wp-content\/uploads\/2020\/06\/68-228x228.jpg 228w, https:\/\/velartrip.com\/wp-content\/uploads\/2020\/06\/68-114x114.jpg 114w, https:\/\/velartrip.com\/wp-content\/uploads\/2020\/06\/68-266x266.jpg 266w, https:\/\/velartrip.com\/wp-content\/uploads\/2020\/06\/68-133x133.jpg 133w, https:\/\/velartrip.com\/wp-content\/uploads\/2020\/06\/68.jpg 800w\" sizes=\"auto, (max-width: 600px) 100vw, 600px\" \/>\n\t\t\t\t\t<img loading=\"lazy\" decoding=\"async\" width=\"600\" height=\"600\" src=\"https:\/\/velartrip.com\/wp-content\/uploads\/2020\/06\/70-768x768.jpg\" class=\"secondary-product-image attachment-woocommerce_thumbnail attachment-shop-catalog wp-post-image wp-post-image--secondary\" alt=\"etiquette bagage travel elements velartrip\" srcset=\"https:\/\/velartrip.com\/wp-content\/uploads\/2020\/06\/70-768x768.jpg 768w, https:\/\/velartrip.com\/wp-content\/uploads\/2020\/06\/70-247x247.jpg 247w, https:\/\/velartrip.com\/wp-content\/uploads\/2020\/06\/70-100x100.jpg 100w, https:\/\/velartrip.com\/wp-content\/uploads\/2020\/06\/70-400x400.jpg 400w, https:\/\/velartrip.com\/wp-content\/uploads\/2020\/06\/70-280x280.jpg 280w, https:\/\/velartrip.com\/wp-content\/uploads\/2020\/06\/70-510x510.jpg 510w, https:\/\/velartrip.com\/wp-content\/uploads\/2020\/06\/70-228x228.jpg 228w, https:\/\/velartrip.com\/wp-content\/uploads\/2020\/06\/70-114x114.jpg 114w, https:\/\/velartrip.com\/wp-content\/uploads\/2020\/06\/70-266x266.jpg 266w, https:\/\/velartrip.com\/wp-content\/uploads\/2020\/06\/70-133x133.jpg 133w, https:\/\/velartrip.com\/wp-content\/uploads\/2020\/06\/70.jpg 800w\" sizes=\"auto, (max-width: 600px) 100vw, 600px\" \/>\n\t\t\t\t<\/a>\n\t\t\t\t<div class=\"product-details content-bg entry-content-wrap\">\n\t\t\t\t\t<a href=\"https:\/\/velartrip.com\/it\/accessoires-pour-valise\/etiquettes-bagages\/etiquette-bagage-travel\/\" class=\"wc-block-grid__product-title-link\">\n\t\t\t\t\t\t<div class=\"wc-block-grid__product-title\">\u00c9tiquette Bagage  Travel<\/div>\n\t\t\t\t\t<\/a>\n\t\t\t\t\t\n\t\t\t\t\t<div class=\"wc-block-grid__product-price price\"><span class=\"woocommerce-Price-amount amount\">9,50<span class=\"woocommerce-Price-currencySymbol\">&euro;<\/span><\/span><\/div>\n\t\t\t\t\t<div class=\"wp-block-button wc-block-grid__product-add-to-cart\"><a href=\"\/it\/wp-json\/wp\/v2\/posts\/10693?add-to-cart=7190\" aria-label=\"Aggiungi al carrello: &quot;\u00c9tiquette Bagage  Travel&quot;\" data-quantity=\"1\" data-product_id=\"7190\" data-product_sku=\"14:175#A\" rel=\"nofollow\" class=\"wp-block-button__link add_to_cart_button ajax_add_to_cart\">Ajouter au panier<span class=\"kadence-svg-iconset svg-baseline\"><svg aria-hidden=\"true\" class=\"kadence-svg-icon kadence-arrow-right-alt-svg\" fill=\"currentColor\" version=\"1.1\" xmlns=\"http:\/\/www.w3.org\/2000\/svg\" width=\"27\" height=\"28\" viewBox=\"0 0 27 28\"><title>Continua<\/title><path d=\"M27 13.953c0 0.141-0.063 0.281-0.156 0.375l-6 5.531c-0.156 0.141-0.359 0.172-0.547 0.094-0.172-0.078-0.297-0.25-0.297-0.453v-3.5h-19.5c-0.281 0-0.5-0.219-0.5-0.5v-3c0-0.281 0.219-0.5 0.5-0.5h19.5v-3.5c0-0.203 0.109-0.375 0.297-0.453s0.391-0.047 0.547 0.078l6 5.469c0.094 0.094 0.156 0.219 0.156 0.359v0z\"><\/path>\n\t\t\t\t<\/svg><\/span><span class=\"kadence-svg-iconset svg-baseline\"><svg class=\"kadence-svg-icon kadence-spinner-svg\" fill=\"currentColor\" version=\"1.1\" xmlns=\"http:\/\/www.w3.org\/2000\/svg\" width=\"16\" height=\"16\" viewBox=\"0 0 16 16\"><title>Caricando<\/title><path d=\"M16 6h-6l2.243-2.243c-1.133-1.133-2.64-1.757-4.243-1.757s-3.109 0.624-4.243 1.757c-1.133 1.133-1.757 2.64-1.757 4.243s0.624 3.109 1.757 4.243c1.133 1.133 2.64 1.757 4.243 1.757s3.109-0.624 4.243-1.757c0.095-0.095 0.185-0.192 0.273-0.292l1.505 1.317c-1.466 1.674-3.62 2.732-6.020 2.732-4.418 0-8-3.582-8-8s3.582-8 8-8c2.209 0 4.209 0.896 5.656 2.344l2.343-2.344v6z\"><\/path>\n\t\t\t\t<\/svg><\/span><span class=\"kadence-svg-iconset svg-baseline\"><svg class=\"kadence-svg-icon kadence-check-svg\" fill=\"currentColor\" version=\"1.1\" xmlns=\"http:\/\/www.w3.org\/2000\/svg\" width=\"16\" height=\"16\" viewBox=\"0 0 16 16\"><title>Fatto<\/title><path d=\"M14 2.5l-8.5 8.5-3.5-3.5-1.5 1.5 5 5 10-10z\"><\/path>\n\t\t\t\t<\/svg><\/span><\/a><\/div>\n\t\t\t\t<\/div>\n\t\t\t<\/li><li class=\"wc-block-grid__product entry loop-entry content-bg woo-archive-action-on-hover woo-archive-btn-text product-loop-unboxed woo-archive-image-hover-fade\"><a href=\"https:\/\/velartrip.com\/it\/accessoires-pour-valise\/etiquettes-bagages\/etiquette-bagage-avion-argent\/\" class=\"wc-block-grid__product-link woocommerce-loop-image-link woocommerce-LoopProduct-link woocommerce-loop-product__link product-has-hover-image\">\n\t\t\t\t\t<img loading=\"lazy\" decoding=\"async\" width=\"600\" height=\"600\" src=\"https:\/\/velartrip.com\/wp-content\/uploads\/2022\/05\/135.jpg\" class=\"attachment-woocommerce_thumbnail size-woocommerce_thumbnail\" alt=\"\u00c9tiquette Bagage Aircraft Argent\" srcset=\"https:\/\/velartrip.com\/wp-content\/uploads\/2022\/05\/135.jpg 800w, https:\/\/velartrip.com\/wp-content\/uploads\/2022\/05\/135-247x247.jpg 247w, https:\/\/velartrip.com\/wp-content\/uploads\/2022\/05\/135-100x100.jpg 100w, https:\/\/velartrip.com\/wp-content\/uploads\/2022\/05\/135-400x400.jpg 400w, https:\/\/velartrip.com\/wp-content\/uploads\/2022\/05\/135-280x280.jpg 280w, https:\/\/velartrip.com\/wp-content\/uploads\/2022\/05\/135-500x500.jpg 500w, https:\/\/velartrip.com\/wp-content\/uploads\/2022\/05\/135-228x228.jpg 228w, https:\/\/velartrip.com\/wp-content\/uploads\/2022\/05\/135-114x114.jpg 114w, https:\/\/velartrip.com\/wp-content\/uploads\/2022\/05\/135-266x266.jpg 266w, https:\/\/velartrip.com\/wp-content\/uploads\/2022\/05\/135-133x133.jpg 133w\" sizes=\"auto, (max-width: 600px) 100vw, 600px\" \/>\n\t\t\t\t\t<img loading=\"lazy\" decoding=\"async\" width=\"600\" height=\"600\" src=\"https:\/\/velartrip.com\/wp-content\/uploads\/2020\/04\/33049736705_images_62924f54918e3_1-768x768.jpg\" class=\"secondary-product-image attachment-woocommerce_thumbnail attachment-shop-catalog wp-post-image wp-post-image--secondary\" alt=\"\u00c9tiquette Bagage Aircraft argent strie detail\" srcset=\"https:\/\/velartrip.com\/wp-content\/uploads\/2020\/04\/33049736705_images_62924f54918e3_1-768x768.jpg 768w, https:\/\/velartrip.com\/wp-content\/uploads\/2020\/04\/33049736705_images_62924f54918e3_1-247x247.jpg 247w, https:\/\/velartrip.com\/wp-content\/uploads\/2020\/04\/33049736705_images_62924f54918e3_1-100x100.jpg 100w, https:\/\/velartrip.com\/wp-content\/uploads\/2020\/04\/33049736705_images_62924f54918e3_1-800x800.jpg 800w, https:\/\/velartrip.com\/wp-content\/uploads\/2020\/04\/33049736705_images_62924f54918e3_1-400x400.jpg 400w, https:\/\/velartrip.com\/wp-content\/uploads\/2020\/04\/33049736705_images_62924f54918e3_1-280x280.jpg 280w, https:\/\/velartrip.com\/wp-content\/uploads\/2020\/04\/33049736705_images_62924f54918e3_1-228x228.jpg 228w, https:\/\/velartrip.com\/wp-content\/uploads\/2020\/04\/33049736705_images_62924f54918e3_1-114x114.jpg 114w, https:\/\/velartrip.com\/wp-content\/uploads\/2020\/04\/33049736705_images_62924f54918e3_1-266x266.jpg 266w, https:\/\/velartrip.com\/wp-content\/uploads\/2020\/04\/33049736705_images_62924f54918e3_1-133x133.jpg 133w, https:\/\/velartrip.com\/wp-content\/uploads\/2020\/04\/33049736705_images_62924f54918e3_1.jpg 924w\" sizes=\"auto, (max-width: 600px) 100vw, 600px\" \/>\n\t\t\t\t<\/a>\n\t\t\t\t<div class=\"product-details content-bg entry-content-wrap\">\n\t\t\t\t\t<a href=\"https:\/\/velartrip.com\/it\/accessoires-pour-valise\/etiquettes-bagages\/etiquette-bagage-avion-argent\/\" class=\"wc-block-grid__product-title-link\">\n\t\t\t\t\t\t<div class=\"wc-block-grid__product-title\">\u00c9tiquette Bagage  Aircraft Argent<\/div>\n\t\t\t\t\t<\/a>\n\t\t\t\t\t\n\t\t\t\t\t<div class=\"wc-block-grid__product-price price\"><span class=\"woocommerce-Price-amount amount\">9,50<span class=\"woocommerce-Price-currencySymbol\">&euro;<\/span><\/span><\/div>\n\t\t\t\t\t<div class=\"wp-block-button wc-block-grid__product-add-to-cart\"><a href=\"https:\/\/velartrip.com\/it\/accessoires-pour-valise\/etiquettes-bagages\/etiquette-bagage-avion-argent\/\" aria-label=\"Seleziona le opzioni per &ldquo;\u00c9tiquette Bagage  Aircraft Argent&rdquo;\" data-quantity=\"1\" data-product_id=\"6349\" data-product_sku=\"etiquette-bagage-br-aircraft-argent\" rel=\"nofollow\" class=\"wp-block-button__link add_to_cart_button\">Choisir le mod\u00e8le<span class=\"kadence-svg-iconset svg-baseline\"><svg aria-hidden=\"true\" class=\"kadence-svg-icon kadence-arrow-right-alt-svg\" fill=\"currentColor\" version=\"1.1\" xmlns=\"http:\/\/www.w3.org\/2000\/svg\" width=\"27\" height=\"28\" viewBox=\"0 0 27 28\"><title>Continua<\/title><path d=\"M27 13.953c0 0.141-0.063 0.281-0.156 0.375l-6 5.531c-0.156 0.141-0.359 0.172-0.547 0.094-0.172-0.078-0.297-0.25-0.297-0.453v-3.5h-19.5c-0.281 0-0.5-0.219-0.5-0.5v-3c0-0.281 0.219-0.5 0.5-0.5h19.5v-3.5c0-0.203 0.109-0.375 0.297-0.453s0.391-0.047 0.547 0.078l6 5.469c0.094 0.094 0.156 0.219 0.156 0.359v0z\"><\/path>\n\t\t\t\t<\/svg><\/span><span class=\"kadence-svg-iconset svg-baseline\"><svg class=\"kadence-svg-icon kadence-spinner-svg\" fill=\"currentColor\" version=\"1.1\" xmlns=\"http:\/\/www.w3.org\/2000\/svg\" width=\"16\" height=\"16\" viewBox=\"0 0 16 16\"><title>Caricando<\/title><path d=\"M16 6h-6l2.243-2.243c-1.133-1.133-2.64-1.757-4.243-1.757s-3.109 0.624-4.243 1.757c-1.133 1.133-1.757 2.64-1.757 4.243s0.624 3.109 1.757 4.243c1.133 1.133 2.64 1.757 4.243 1.757s3.109-0.624 4.243-1.757c0.095-0.095 0.185-0.192 0.273-0.292l1.505 1.317c-1.466 1.674-3.62 2.732-6.020 2.732-4.418 0-8-3.582-8-8s3.582-8 8-8c2.209 0 4.209 0.896 5.656 2.344l2.343-2.344v6z\"><\/path>\n\t\t\t\t<\/svg><\/span><span class=\"kadence-svg-iconset svg-baseline\"><svg class=\"kadence-svg-icon kadence-check-svg\" fill=\"currentColor\" version=\"1.1\" xmlns=\"http:\/\/www.w3.org\/2000\/svg\" width=\"16\" height=\"16\" viewBox=\"0 0 16 16\"><title>Fatto<\/title><path d=\"M14 2.5l-8.5 8.5-3.5-3.5-1.5 1.5 5 5 10-10z\"><\/path>\n\t\t\t\t<\/svg><\/span><\/a><\/div>\n\t\t\t\t<\/div>\n\t\t\t<\/li><li class=\"wc-block-grid__product entry loop-entry content-bg woo-archive-action-on-hover woo-archive-btn-text product-loop-unboxed woo-archive-image-hover-fade\"><a href=\"https:\/\/velartrip.com\/it\/accessoires-pour-valise\/etiquettes-bagages\/etiquette-bagage-avion-vert\/\" class=\"wc-block-grid__product-link woocommerce-loop-image-link woocommerce-LoopProduct-link woocommerce-loop-product__link product-has-hover-image\">\n\t\t\t\t\t<img loading=\"lazy\" decoding=\"async\" width=\"600\" height=\"600\" src=\"https:\/\/velartrip.com\/wp-content\/uploads\/2022\/05\/149.jpg\" class=\"attachment-woocommerce_thumbnail size-woocommerce_thumbnail\" alt=\"\u00e9tiquette away we go vert\" srcset=\"https:\/\/velartrip.com\/wp-content\/uploads\/2022\/05\/149.jpg 800w, https:\/\/velartrip.com\/wp-content\/uploads\/2022\/05\/149-247x247.jpg 247w, https:\/\/velartrip.com\/wp-content\/uploads\/2022\/05\/149-100x100.jpg 100w, https:\/\/velartrip.com\/wp-content\/uploads\/2022\/05\/149-400x400.jpg 400w, https:\/\/velartrip.com\/wp-content\/uploads\/2022\/05\/149-280x280.jpg 280w, https:\/\/velartrip.com\/wp-content\/uploads\/2022\/05\/149-500x500.jpg 500w, https:\/\/velartrip.com\/wp-content\/uploads\/2022\/05\/149-228x228.jpg 228w, https:\/\/velartrip.com\/wp-content\/uploads\/2022\/05\/149-114x114.jpg 114w, https:\/\/velartrip.com\/wp-content\/uploads\/2022\/05\/149-266x266.jpg 266w, https:\/\/velartrip.com\/wp-content\/uploads\/2022\/05\/149-133x133.jpg 133w\" sizes=\"auto, (max-width: 600px) 100vw, 600px\" \/>\n\t\t\t\t\t<img loading=\"lazy\" decoding=\"async\" width=\"600\" height=\"600\" src=\"https:\/\/velartrip.com\/wp-content\/uploads\/2022\/05\/Sans-titre-18.jpg\" class=\"secondary-product-image attachment-woocommerce_thumbnail attachment-shop-catalog wp-post-image wp-post-image--secondary\" alt=\"\u00e9tiquette away we go verso\" srcset=\"https:\/\/velartrip.com\/wp-content\/uploads\/2022\/05\/Sans-titre-18.jpg 800w, https:\/\/velartrip.com\/wp-content\/uploads\/2022\/05\/Sans-titre-18-247x247.jpg 247w, https:\/\/velartrip.com\/wp-content\/uploads\/2022\/05\/Sans-titre-18-100x100.jpg 100w, https:\/\/velartrip.com\/wp-content\/uploads\/2022\/05\/Sans-titre-18-400x400.jpg 400w, https:\/\/velartrip.com\/wp-content\/uploads\/2022\/05\/Sans-titre-18-280x280.jpg 280w, https:\/\/velartrip.com\/wp-content\/uploads\/2022\/05\/Sans-titre-18-500x500.jpg 500w, https:\/\/velartrip.com\/wp-content\/uploads\/2022\/05\/Sans-titre-18-228x228.jpg 228w, https:\/\/velartrip.com\/wp-content\/uploads\/2022\/05\/Sans-titre-18-114x114.jpg 114w, https:\/\/velartrip.com\/wp-content\/uploads\/2022\/05\/Sans-titre-18-266x266.jpg 266w, https:\/\/velartrip.com\/wp-content\/uploads\/2022\/05\/Sans-titre-18-133x133.jpg 133w\" sizes=\"auto, (max-width: 600px) 100vw, 600px\" \/>\n\t\t\t\t<\/a>\n\t\t\t\t<div class=\"product-details content-bg entry-content-wrap\">\n\t\t\t\t\t<a href=\"https:\/\/velartrip.com\/it\/accessoires-pour-valise\/etiquettes-bagages\/etiquette-bagage-avion-vert\/\" class=\"wc-block-grid__product-title-link\">\n\t\t\t\t\t\t<div class=\"wc-block-grid__product-title\">\u00c9tiquette Bagage  Away We Go Vert<\/div>\n\t\t\t\t\t<\/a>\n\t\t\t\t\t\n\t\t\t\t\t<div class=\"wc-block-grid__product-price price\"><span class=\"woocommerce-Price-amount amount\">9,50<span class=\"woocommerce-Price-currencySymbol\">&euro;<\/span><\/span><\/div>\n\t\t\t\t\t<div class=\"wp-block-button wc-block-grid__product-add-to-cart\"><a href=\"\/it\/wp-json\/wp\/v2\/posts\/10693?add-to-cart=6330\" aria-label=\"Aggiungi al carrello: &quot;\u00c9tiquette Bagage  Away We Go Vert&quot;\" data-quantity=\"1\" data-product_id=\"6330\" data-product_sku=\"31033780-3\" rel=\"nofollow\" class=\"wp-block-button__link add_to_cart_button ajax_add_to_cart\">Ajouter au panier<span class=\"kadence-svg-iconset svg-baseline\"><svg aria-hidden=\"true\" class=\"kadence-svg-icon kadence-arrow-right-alt-svg\" fill=\"currentColor\" version=\"1.1\" xmlns=\"http:\/\/www.w3.org\/2000\/svg\" width=\"27\" height=\"28\" viewBox=\"0 0 27 28\"><title>Continua<\/title><path d=\"M27 13.953c0 0.141-0.063 0.281-0.156 0.375l-6 5.531c-0.156 0.141-0.359 0.172-0.547 0.094-0.172-0.078-0.297-0.25-0.297-0.453v-3.5h-19.5c-0.281 0-0.5-0.219-0.5-0.5v-3c0-0.281 0.219-0.5 0.5-0.5h19.5v-3.5c0-0.203 0.109-0.375 0.297-0.453s0.391-0.047 0.547 0.078l6 5.469c0.094 0.094 0.156 0.219 0.156 0.359v0z\"><\/path>\n\t\t\t\t<\/svg><\/span><span class=\"kadence-svg-iconset svg-baseline\"><svg class=\"kadence-svg-icon kadence-spinner-svg\" fill=\"currentColor\" version=\"1.1\" xmlns=\"http:\/\/www.w3.org\/2000\/svg\" width=\"16\" height=\"16\" viewBox=\"0 0 16 16\"><title>Caricando<\/title><path d=\"M16 6h-6l2.243-2.243c-1.133-1.133-2.64-1.757-4.243-1.757s-3.109 0.624-4.243 1.757c-1.133 1.133-1.757 2.64-1.757 4.243s0.624 3.109 1.757 4.243c1.133 1.133 2.64 1.757 4.243 1.757s3.109-0.624 4.243-1.757c0.095-0.095 0.185-0.192 0.273-0.292l1.505 1.317c-1.466 1.674-3.62 2.732-6.020 2.732-4.418 0-8-3.582-8-8s3.582-8 8-8c2.209 0 4.209 0.896 5.656 2.344l2.343-2.344v6z\"><\/path>\n\t\t\t\t<\/svg><\/span><span class=\"kadence-svg-iconset svg-baseline\"><svg class=\"kadence-svg-icon kadence-check-svg\" fill=\"currentColor\" version=\"1.1\" xmlns=\"http:\/\/www.w3.org\/2000\/svg\" width=\"16\" height=\"16\" viewBox=\"0 0 16 16\"><title>Fatto<\/title><path d=\"M14 2.5l-8.5 8.5-3.5-3.5-1.5 1.5 5 5 10-10z\"><\/path>\n\t\t\t\t<\/svg><\/span><\/a><\/div>\n\t\t\t\t<\/div>\n\t\t\t<\/li><li class=\"wc-block-grid__product entry loop-entry content-bg woo-archive-action-on-hover woo-archive-btn-text product-loop-unboxed woo-archive-image-hover-fade\"><a href=\"https:\/\/velartrip.com\/it\/accessoires-pour-valise\/etiquettes-bagages\/etiquette-bagage-avion-cactus\/\" class=\"wc-block-grid__product-link woocommerce-loop-image-link woocommerce-LoopProduct-link woocommerce-loop-product__link\">\n\t\t\t\t\t<img loading=\"lazy\" decoding=\"async\" width=\"600\" height=\"600\" src=\"https:\/\/velartrip.com\/wp-content\/uploads\/2022\/05\/Sans-titre-19.jpg\" class=\"attachment-woocommerce_thumbnail size-woocommerce_thumbnail\" alt=\"\u00e9tiquette bagage cactus\" srcset=\"https:\/\/velartrip.com\/wp-content\/uploads\/2022\/05\/Sans-titre-19.jpg 800w, https:\/\/velartrip.com\/wp-content\/uploads\/2022\/05\/Sans-titre-19-247x247.jpg 247w, https:\/\/velartrip.com\/wp-content\/uploads\/2022\/05\/Sans-titre-19-100x100.jpg 100w, https:\/\/velartrip.com\/wp-content\/uploads\/2022\/05\/Sans-titre-19-400x400.jpg 400w, https:\/\/velartrip.com\/wp-content\/uploads\/2022\/05\/Sans-titre-19-280x280.jpg 280w, https:\/\/velartrip.com\/wp-content\/uploads\/2022\/05\/Sans-titre-19-500x500.jpg 500w, https:\/\/velartrip.com\/wp-content\/uploads\/2022\/05\/Sans-titre-19-228x228.jpg 228w, https:\/\/velartrip.com\/wp-content\/uploads\/2022\/05\/Sans-titre-19-114x114.jpg 114w, https:\/\/velartrip.com\/wp-content\/uploads\/2022\/05\/Sans-titre-19-266x266.jpg 266w, https:\/\/velartrip.com\/wp-content\/uploads\/2022\/05\/Sans-titre-19-133x133.jpg 133w\" sizes=\"auto, (max-width: 600px) 100vw, 600px\" \/>\n\t\t\t\t\t\n\t\t\t\t<\/a>\n\t\t\t\t<div class=\"product-details content-bg entry-content-wrap\">\n\t\t\t\t\t<a href=\"https:\/\/velartrip.com\/it\/accessoires-pour-valise\/etiquettes-bagages\/etiquette-bagage-avion-cactus\/\" class=\"wc-block-grid__product-title-link\">\n\t\t\t\t\t\t<div class=\"wc-block-grid__product-title\">\u00c9tiquette Bagage  Cactus<\/div>\n\t\t\t\t\t<\/a>\n\t\t\t\t\t\n\t\t\t\t\t<div class=\"wc-block-grid__product-price price\"><span class=\"woocommerce-Price-amount amount\">9,50<span class=\"woocommerce-Price-currencySymbol\">&euro;<\/span><\/span><\/div>\n\t\t\t\t\t<div class=\"wp-block-button wc-block-grid__product-add-to-cart\"><a href=\"\/it\/wp-json\/wp\/v2\/posts\/10693?add-to-cart=6320\" aria-label=\"Aggiungi al carrello: &quot;\u00c9tiquette Bagage  Cactus&quot;\" data-quantity=\"1\" data-product_id=\"6320\" data-product_sku=\"12688855-19\" rel=\"nofollow\" class=\"wp-block-button__link add_to_cart_button ajax_add_to_cart\">Ajouter au panier<span class=\"kadence-svg-iconset svg-baseline\"><svg aria-hidden=\"true\" class=\"kadence-svg-icon kadence-arrow-right-alt-svg\" fill=\"currentColor\" version=\"1.1\" xmlns=\"http:\/\/www.w3.org\/2000\/svg\" width=\"27\" height=\"28\" viewBox=\"0 0 27 28\"><title>Continua<\/title><path d=\"M27 13.953c0 0.141-0.063 0.281-0.156 0.375l-6 5.531c-0.156 0.141-0.359 0.172-0.547 0.094-0.172-0.078-0.297-0.25-0.297-0.453v-3.5h-19.5c-0.281 0-0.5-0.219-0.5-0.5v-3c0-0.281 0.219-0.5 0.5-0.5h19.5v-3.5c0-0.203 0.109-0.375 0.297-0.453s0.391-0.047 0.547 0.078l6 5.469c0.094 0.094 0.156 0.219 0.156 0.359v0z\"><\/path>\n\t\t\t\t<\/svg><\/span><span class=\"kadence-svg-iconset svg-baseline\"><svg class=\"kadence-svg-icon kadence-spinner-svg\" fill=\"currentColor\" version=\"1.1\" xmlns=\"http:\/\/www.w3.org\/2000\/svg\" width=\"16\" height=\"16\" viewBox=\"0 0 16 16\"><title>Caricando<\/title><path d=\"M16 6h-6l2.243-2.243c-1.133-1.133-2.64-1.757-4.243-1.757s-3.109 0.624-4.243 1.757c-1.133 1.133-1.757 2.64-1.757 4.243s0.624 3.109 1.757 4.243c1.133 1.133 2.64 1.757 4.243 1.757s3.109-0.624 4.243-1.757c0.095-0.095 0.185-0.192 0.273-0.292l1.505 1.317c-1.466 1.674-3.62 2.732-6.020 2.732-4.418 0-8-3.582-8-8s3.582-8 8-8c2.209 0 4.209 0.896 5.656 2.344l2.343-2.344v6z\"><\/path>\n\t\t\t\t<\/svg><\/span><span class=\"kadence-svg-iconset svg-baseline\"><svg class=\"kadence-svg-icon kadence-check-svg\" fill=\"currentColor\" version=\"1.1\" xmlns=\"http:\/\/www.w3.org\/2000\/svg\" width=\"16\" height=\"16\" viewBox=\"0 0 16 16\"><title>Fatto<\/title><path d=\"M14 2.5l-8.5 8.5-3.5-3.5-1.5 1.5 5 5 10-10z\"><\/path>\n\t\t\t\t<\/svg><\/span><\/a><\/div>\n\t\t\t\t<\/div>\n\t\t\t<\/li><li class=\"wc-block-grid__product entry loop-entry content-bg woo-archive-action-on-hover woo-archive-btn-text product-loop-unboxed woo-archive-image-hover-fade\"><a href=\"https:\/\/velartrip.com\/it\/accessoires-pour-valise\/etiquettes-bagages\/etiquette-bagage-0-ennuis\/\" class=\"wc-block-grid__product-link woocommerce-loop-image-link woocommerce-LoopProduct-link woocommerce-loop-product__link\">\n\t\t\t\t\t<img loading=\"lazy\" decoding=\"async\" width=\"600\" height=\"600\" src=\"https:\/\/velartrip.com\/wp-content\/uploads\/2022\/04\/Sans-titre-26.jpg\" class=\"attachment-woocommerce_thumbnail size-woocommerce_thumbnail\" alt=\"\u00e9tiquette bagage 0 ennuis velartrip\" srcset=\"https:\/\/velartrip.com\/wp-content\/uploads\/2022\/04\/Sans-titre-26.jpg 800w, https:\/\/velartrip.com\/wp-content\/uploads\/2022\/04\/Sans-titre-26-247x247.jpg 247w, https:\/\/velartrip.com\/wp-content\/uploads\/2022\/04\/Sans-titre-26-100x100.jpg 100w, https:\/\/velartrip.com\/wp-content\/uploads\/2022\/04\/Sans-titre-26-400x400.jpg 400w, https:\/\/velartrip.com\/wp-content\/uploads\/2022\/04\/Sans-titre-26-280x280.jpg 280w, https:\/\/velartrip.com\/wp-content\/uploads\/2022\/04\/Sans-titre-26-500x500.jpg 500w, https:\/\/velartrip.com\/wp-content\/uploads\/2022\/04\/Sans-titre-26-228x228.jpg 228w, https:\/\/velartrip.com\/wp-content\/uploads\/2022\/04\/Sans-titre-26-114x114.jpg 114w, https:\/\/velartrip.com\/wp-content\/uploads\/2022\/04\/Sans-titre-26-266x266.jpg 266w, https:\/\/velartrip.com\/wp-content\/uploads\/2022\/04\/Sans-titre-26-133x133.jpg 133w\" sizes=\"auto, (max-width: 600px) 100vw, 600px\" \/>\n\t\t\t\t\t\n\t\t\t\t<\/a>\n\t\t\t\t<div class=\"product-details content-bg entry-content-wrap\">\n\t\t\t\t\t<a href=\"https:\/\/velartrip.com\/it\/accessoires-pour-valise\/etiquettes-bagages\/etiquette-bagage-0-ennuis\/\" class=\"wc-block-grid__product-title-link\">\n\t\t\t\t\t\t<div class=\"wc-block-grid__product-title\">\u00c9tiquette Bagage  0 Ennuis<\/div>\n\t\t\t\t\t<\/a>\n\t\t\t\t\t\n\t\t\t\t\t<div class=\"wc-block-grid__product-price price\"><span class=\"woocommerce-Price-amount amount\">9,50<span class=\"woocommerce-Price-currencySymbol\">&euro;<\/span><\/span><\/div>\n\t\t\t\t\t<div class=\"wp-block-button wc-block-grid__product-add-to-cart\"><a href=\"\/it\/wp-json\/wp\/v2\/posts\/10693?add-to-cart=8351\" aria-label=\"Aggiungi al carrello: &quot;\u00c9tiquette Bagage  0 Ennuis&quot;\" data-quantity=\"1\" data-product_id=\"8351\" data-product_sku=\"14:10#4\" rel=\"nofollow\" class=\"wp-block-button__link add_to_cart_button ajax_add_to_cart\">Ajouter au panier<span class=\"kadence-svg-iconset svg-baseline\"><svg aria-hidden=\"true\" class=\"kadence-svg-icon kadence-arrow-right-alt-svg\" fill=\"currentColor\" version=\"1.1\" xmlns=\"http:\/\/www.w3.org\/2000\/svg\" width=\"27\" height=\"28\" viewBox=\"0 0 27 28\"><title>Continua<\/title><path d=\"M27 13.953c0 0.141-0.063 0.281-0.156 0.375l-6 5.531c-0.156 0.141-0.359 0.172-0.547 0.094-0.172-0.078-0.297-0.25-0.297-0.453v-3.5h-19.5c-0.281 0-0.5-0.219-0.5-0.5v-3c0-0.281 0.219-0.5 0.5-0.5h19.5v-3.5c0-0.203 0.109-0.375 0.297-0.453s0.391-0.047 0.547 0.078l6 5.469c0.094 0.094 0.156 0.219 0.156 0.359v0z\"><\/path>\n\t\t\t\t<\/svg><\/span><span class=\"kadence-svg-iconset svg-baseline\"><svg class=\"kadence-svg-icon kadence-spinner-svg\" fill=\"currentColor\" version=\"1.1\" xmlns=\"http:\/\/www.w3.org\/2000\/svg\" width=\"16\" height=\"16\" viewBox=\"0 0 16 16\"><title>Caricando<\/title><path d=\"M16 6h-6l2.243-2.243c-1.133-1.133-2.64-1.757-4.243-1.757s-3.109 0.624-4.243 1.757c-1.133 1.133-1.757 2.64-1.757 4.243s0.624 3.109 1.757 4.243c1.133 1.133 2.64 1.757 4.243 1.757s3.109-0.624 4.243-1.757c0.095-0.095 0.185-0.192 0.273-0.292l1.505 1.317c-1.466 1.674-3.62 2.732-6.020 2.732-4.418 0-8-3.582-8-8s3.582-8 8-8c2.209 0 4.209 0.896 5.656 2.344l2.343-2.344v6z\"><\/path>\n\t\t\t\t<\/svg><\/span><span class=\"kadence-svg-iconset svg-baseline\"><svg class=\"kadence-svg-icon kadence-check-svg\" fill=\"currentColor\" version=\"1.1\" xmlns=\"http:\/\/www.w3.org\/2000\/svg\" width=\"16\" height=\"16\" viewBox=\"0 0 16 16\"><title>Fatto<\/title><path d=\"M14 2.5l-8.5 8.5-3.5-3.5-1.5 1.5 5 5 10-10z\"><\/path>\n\t\t\t\t<\/svg><\/span><\/a><\/div>\n\t\t\t\t<\/div>\n\t\t\t<\/li><li class=\"wc-block-grid__product entry loop-entry content-bg woo-archive-action-on-hover woo-archive-btn-text product-loop-unboxed woo-archive-image-hover-fade\"><a href=\"https:\/\/velartrip.com\/it\/accessoires-pour-valise\/etiquettes-bagages\/etiquette-valise-licorne\/\" class=\"wc-block-grid__product-link woocommerce-loop-image-link woocommerce-LoopProduct-link woocommerce-loop-product__link\">\n\t\t\t\t\t<img loading=\"lazy\" decoding=\"async\" width=\"600\" height=\"600\" src=\"https:\/\/velartrip.com\/wp-content\/uploads\/2022\/05\/Sans-titre-3.jpg\" class=\"attachment-woocommerce_thumbnail size-woocommerce_thumbnail\" alt=\"etiquette bagage f\u00e9erique velartrip\" srcset=\"https:\/\/velartrip.com\/wp-content\/uploads\/2022\/05\/Sans-titre-3.jpg 800w, https:\/\/velartrip.com\/wp-content\/uploads\/2022\/05\/Sans-titre-3-247x247.jpg 247w, https:\/\/velartrip.com\/wp-content\/uploads\/2022\/05\/Sans-titre-3-100x100.jpg 100w, https:\/\/velartrip.com\/wp-content\/uploads\/2022\/05\/Sans-titre-3-400x400.jpg 400w, https:\/\/velartrip.com\/wp-content\/uploads\/2022\/05\/Sans-titre-3-280x280.jpg 280w, https:\/\/velartrip.com\/wp-content\/uploads\/2022\/05\/Sans-titre-3-500x500.jpg 500w, https:\/\/velartrip.com\/wp-content\/uploads\/2022\/05\/Sans-titre-3-228x228.jpg 228w, https:\/\/velartrip.com\/wp-content\/uploads\/2022\/05\/Sans-titre-3-114x114.jpg 114w, https:\/\/velartrip.com\/wp-content\/uploads\/2022\/05\/Sans-titre-3-266x266.jpg 266w, https:\/\/velartrip.com\/wp-content\/uploads\/2022\/05\/Sans-titre-3-133x133.jpg 133w\" sizes=\"auto, (max-width: 600px) 100vw, 600px\" \/>\n\t\t\t\t\t\n\t\t\t\t<\/a>\n\t\t\t\t<div class=\"product-details content-bg entry-content-wrap\">\n\t\t\t\t\t<a href=\"https:\/\/velartrip.com\/it\/accessoires-pour-valise\/etiquettes-bagages\/etiquette-valise-licorne\/\" class=\"wc-block-grid__product-title-link\">\n\t\t\t\t\t\t<div class=\"wc-block-grid__product-title\">\u00c9tiquette Bagage  F\u00e9erique<\/div>\n\t\t\t\t\t<\/a>\n\t\t\t\t\t\n\t\t\t\t\t<div class=\"wc-block-grid__product-price price\"><span class=\"woocommerce-Price-amount amount\">9,50<span class=\"woocommerce-Price-currencySymbol\">&euro;<\/span><\/span><\/div>\n\t\t\t\t\t<div class=\"wp-block-button wc-block-grid__product-add-to-cart\"><a href=\"\/it\/wp-json\/wp\/v2\/posts\/10693?add-to-cart=7188\" aria-label=\"Aggiungi al carrello: &quot;\u00c9tiquette Bagage  F\u00e9erique&quot;\" data-quantity=\"1\" data-product_id=\"7188\" data-product_sku=\"14:496#M\" rel=\"nofollow\" class=\"wp-block-button__link add_to_cart_button ajax_add_to_cart\">Ajouter au panier<span class=\"kadence-svg-iconset svg-baseline\"><svg aria-hidden=\"true\" class=\"kadence-svg-icon kadence-arrow-right-alt-svg\" fill=\"currentColor\" version=\"1.1\" xmlns=\"http:\/\/www.w3.org\/2000\/svg\" width=\"27\" height=\"28\" viewBox=\"0 0 27 28\"><title>Continua<\/title><path d=\"M27 13.953c0 0.141-0.063 0.281-0.156 0.375l-6 5.531c-0.156 0.141-0.359 0.172-0.547 0.094-0.172-0.078-0.297-0.25-0.297-0.453v-3.5h-19.5c-0.281 0-0.5-0.219-0.5-0.5v-3c0-0.281 0.219-0.5 0.5-0.5h19.5v-3.5c0-0.203 0.109-0.375 0.297-0.453s0.391-0.047 0.547 0.078l6 5.469c0.094 0.094 0.156 0.219 0.156 0.359v0z\"><\/path>\n\t\t\t\t<\/svg><\/span><span class=\"kadence-svg-iconset svg-baseline\"><svg class=\"kadence-svg-icon kadence-spinner-svg\" fill=\"currentColor\" version=\"1.1\" xmlns=\"http:\/\/www.w3.org\/2000\/svg\" width=\"16\" height=\"16\" viewBox=\"0 0 16 16\"><title>Caricando<\/title><path d=\"M16 6h-6l2.243-2.243c-1.133-1.133-2.64-1.757-4.243-1.757s-3.109 0.624-4.243 1.757c-1.133 1.133-1.757 2.64-1.757 4.243s0.624 3.109 1.757 4.243c1.133 1.133 2.64 1.757 4.243 1.757s3.109-0.624 4.243-1.757c0.095-0.095 0.185-0.192 0.273-0.292l1.505 1.317c-1.466 1.674-3.62 2.732-6.020 2.732-4.418 0-8-3.582-8-8s3.582-8 8-8c2.209 0 4.209 0.896 5.656 2.344l2.343-2.344v6z\"><\/path>\n\t\t\t\t<\/svg><\/span><span class=\"kadence-svg-iconset svg-baseline\"><svg class=\"kadence-svg-icon kadence-check-svg\" fill=\"currentColor\" version=\"1.1\" xmlns=\"http:\/\/www.w3.org\/2000\/svg\" width=\"16\" height=\"16\" viewBox=\"0 0 16 16\"><title>Fatto<\/title><path d=\"M14 2.5l-8.5 8.5-3.5-3.5-1.5 1.5 5 5 10-10z\"><\/path>\n\t\t\t\t<\/svg><\/span><\/a><\/div>\n\t\t\t\t<\/div>\n\t\t\t<\/li><\/ul><\/div>\n\n\n<div class=\"wp-block-buttons is-horizontal is-content-justification-center is-layout-flex wp-container-core-buttons-is-layout-499968f5 wp-block-buttons-is-layout-flex\">\n<div class=\"wp-block-button\"><a class=\"wp-block-button__link has-luminous-vivid-amber-to-luminous-vivid-orange-gradient-background has-background\" href=\"https:\/\/velartrip.com\/etiquettes-bagages\/\">VOIR PLUS D&rsquo;\u00c9TIQUETTES POUR BAGAGES \u2708\ufe0f<\/a><\/div>\n<\/div>\n","protected":false},"excerpt":{"rendered":"<p>Vous partez prochainement en voyage et vous ne savez pas comment compl\u00e9ter vos \u00e9tiquettes ? \u00c9tiqueter ses valises est obligatoire pour vos voyages en avion ou en train, une information manquante et c&rsquo;est toute une valise qui peut se retrouver saisie ou m\u00eame pire d\u00e9truite par les services de s\u00e9curit\u00e9 ! Mais ne vous inqui\u00e9tez&#8230;<\/p>","protected":false},"author":1,"featured_media":12901,"comment_status":"closed","ping_status":"open","sticky":false,"template":"","format":"standard","meta":{"_kad_blocks_custom_css":"","_kad_blocks_head_custom_js":"","_kad_blocks_body_custom_js":"","_kad_blocks_footer_custom_js":"","_kad_post_transparent":"","_kad_post_title":"","_kad_post_layout":"","_kad_post_sidebar_id":"","_kad_post_content_style":"","_kad_post_vertical_padding":"","_kad_post_feature":"","_kad_post_feature_position":"","_kad_post_header":false,"_kad_post_footer":false,"_kad_post_classname":"","footnotes":""},"categories":[641],"tags":[],"class_list":["post-10693","post","type-post","status-publish","format-standard","has-post-thumbnail","hentry","category-travel-blog"],"taxonomy_info":{"category":[{"value":641,"label":"Travel Blog"}]},"featured_image_src_large":["https:\/\/velartrip.com\/wp-content\/uploads\/2021\/08\/15.jpg",1000,500,false],"author_info":{"display_name":"VelarTrip","author_link":"https:\/\/velartrip.com\/it\/author\/velartrip\/"},"comment_info":0,"category_info":[{"term_id":641,"name":"Travel Blog","slug":"travel-blog","term_group":0,"term_taxonomy_id":636,"taxonomy":"category","description":"","parent":0,"count":19,"filter":"raw","cat_ID":641,"category_count":19,"category_description":"","cat_name":"Travel Blog","category_nicename":"travel-blog","category_parent":0}],"tag_info":false,"_links":{"self":[{"href":"https:\/\/velartrip.com\/it\/wp-json\/wp\/v2\/posts\/10693","targetHints":{"allow":["GET"]}}],"collection":[{"href":"https:\/\/velartrip.com\/it\/wp-json\/wp\/v2\/posts"}],"about":[{"href":"https:\/\/velartrip.com\/it\/wp-json\/wp\/v2\/types\/post"}],"author":[{"embeddable":true,"href":"https:\/\/velartrip.com\/it\/wp-json\/wp\/v2\/users\/1"}],"replies":[{"embeddable":true,"href":"https:\/\/velartrip.com\/it\/wp-json\/wp\/v2\/comments?post=10693"}],"version-history":[{"count":0,"href":"https:\/\/velartrip.com\/it\/wp-json\/wp\/v2\/posts\/10693\/revisions"}],"wp:featuredmedia":[{"embeddable":true,"href":"https:\/\/velartrip.com\/it\/wp-json\/wp\/v2\/media\/12901"}],"wp:attachment":[{"href":"https:\/\/velartrip.com\/it\/wp-json\/wp\/v2\/media?parent=10693"}],"wp:term":[{"taxonomy":"category","embeddable":true,"href":"https:\/\/velartrip.com\/it\/wp-json\/wp\/v2\/categories?post=10693"},{"taxonomy":"post_tag","embeddable":true,"href":"https:\/\/velartrip.com\/it\/wp-json\/wp\/v2\/tags?post=10693"}],"curies":[{"name":"wp","href":"https:\/\/api.w.org\/{rel}","templated":true}]}}